{"id":10689,"date":"2023-12-01T10:43:48","date_gmt":"2023-12-01T13:43:48","guid":{"rendered":"https:\/\/museudofutebol.org.br\/teste\/?p=10689"},"modified":"2023-12-01T10:46:03","modified_gmt":"2023-12-01T13:46:03","slug":"exposicao-permanente","status":"publish","type":"post","link":"https:\/\/museudofutebol.org.br\/teste\/blog\/exposicao-permanente\/","title":{"rendered":"Exposi\u00e7\u00e3o&#8230; permanente?"},"content":{"rendered":"<div class=\"wpb-content-wrapper\"><p>[vc_row][vc_column][vc_single_image image=&#8221;10645&#8243; img_size=&#8221;full&#8221;][vc_column_text]<span data-contrast=\"auto\">Voc\u00ea j\u00e1 deve ter visto por a\u00ed &#8211; ou aqui mesmo, em nossos canais \u2013 que acabamos de come\u00e7ar uma grande obra de reformula\u00e7\u00e3o em nossa exposi\u00e7\u00e3o. Talvez a not\u00edcia tenha at\u00e9 mesmo te surpreendido: <\/span><i><span data-contrast=\"auto\">por que um museu precisa se atualizar, se fala do passado?\u00a0<\/span><\/i><span data-ccp-props=\"{&quot;134233117&quot;:false,&quot;134233118&quot;:false,&quot;201341983&quot;:0,&quot;335551550&quot;:1,&quot;335551620&quot;:1,&quot;335559685&quot;:0,&quot;335559737&quot;:0,&quot;335559738&quot;:0,&quot;335559739&quot;:160,&quot;335559740&quot;:259}\">\u00a0<\/span><\/p>\n<p><span data-contrast=\"auto\">\u00c9 uma d\u00favida razo\u00e1vel, pois essa \u00e9 a percep\u00e7\u00e3o mais comum que as pessoas t\u00eam sobre museus. Mas&#8230; e se a gente te disser que os museus falam sobre o presente, mesmo quando falam sobre o passado?\u00a0<\/span><span data-ccp-props=\"{&quot;134233117&quot;:false,&quot;134233118&quot;:false,&quot;201341983&quot;:0,&quot;335551550&quot;:1,&quot;335551620&quot;:1,&quot;335559685&quot;:0,&quot;335559737&quot;:0,&quot;335559738&quot;:0,&quot;335559739&quot;:160,&quot;335559740&quot;:259}\">\u00a0<\/span><\/p>\n<p><span data-contrast=\"auto\">Segura essa bola, que a gente vai explicar a jogada.\u00a0<\/span><span data-ccp-props=\"{&quot;134233117&quot;:false,&quot;134233118&quot;:false,&quot;201341983&quot;:0,&quot;335551550&quot;:1,&quot;335551620&quot;:1,&quot;335559685&quot;:0,&quot;335559737&quot;:0,&quot;335559738&quot;:0,&quot;335559739&quot;:160,&quot;335559740&quot;:259}\">\u00a0<\/span><\/p>\n<p><span data-contrast=\"auto\">Faz 15 anos que o Museu do Futebol foi inaugurado, em setembro de 2008. Se contarmos desde 2005, ano em que a ideia come\u00e7ou a se materializar, j\u00e1 se v\u00e3o quase duas d\u00e9cadas.\u00a0<\/span><span data-ccp-props=\"{&quot;134233117&quot;:false,&quot;134233118&quot;:false,&quot;201341983&quot;:0,&quot;335551550&quot;:1,&quot;335551620&quot;:1,&quot;335559685&quot;:0,&quot;335559737&quot;:0,&quot;335559738&quot;:0,&quot;335559739&quot;:160,&quot;335559740&quot;:259}\">\u00a0<\/span><\/p>\n<ul>\n<li data-leveltext=\"\uf0b7\" data-font=\"Symbol\" data-listid=\"1\" data-list-defn-props=\"{&quot;335552541&quot;:1,&quot;335559684&quot;:-2,&quot;335559685&quot;:720,&quot;335559991&quot;:360,&quot;469769226&quot;:&quot;Symbol&quot;,&quot;469769242&quot;:[8226],&quot;469777803&quot;:&quot;left&quot;,&quot;469777804&quot;:&quot;\uf0b7&quot;,&quot;469777815&quot;:&quot;hybridMultilevel&quot;}\" aria-setsize=\"-1\" data-aria-posinset=\"1\" data-aria-level=\"1\"><span data-contrast=\"auto\">Pel\u00e9 ainda estava vivo e at\u00e9 gravou a mensagem de boas-vindas que come\u00e7a nossa exposi\u00e7\u00e3o.\u00a0<\/span><span data-ccp-props=\"{&quot;134233117&quot;:false,&quot;134233118&quot;:false,&quot;201341983&quot;:0,&quot;335551550&quot;:1,&quot;335551620&quot;:1,&quot;335559737&quot;:0,&quot;335559738&quot;:0,&quot;335559739&quot;:160,&quot;335559740&quot;:259}\">\u00a0<\/span><\/li>\n<li data-leveltext=\"\uf0b7\" data-font=\"Symbol\" data-listid=\"1\" data-list-defn-props=\"{&quot;335552541&quot;:1,&quot;335559684&quot;:-2,&quot;335559685&quot;:720,&quot;335559991&quot;:360,&quot;469769226&quot;:&quot;Symbol&quot;,&quot;469769242&quot;:[8226],&quot;469777803&quot;:&quot;left&quot;,&quot;469777804&quot;:&quot;\uf0b7&quot;,&quot;469777815&quot;:&quot;hybridMultilevel&quot;}\" aria-setsize=\"-1\" data-aria-posinset=\"2\" data-aria-level=\"1\"><span data-contrast=\"auto\">Uma segunda Copa do Mundo no Brasil era um sonho distante, mas n\u00e3o apenas fizemos uma grande festa em 2014 como perdemos de 7 x 1 para a Alemanha em pleno Mineir\u00e3o, em um epis\u00f3dio que para muita gente foi pior que o Maracanazo de 1950.\u00a0<\/span><span data-ccp-props=\"{&quot;134233117&quot;:false,&quot;134233118&quot;:false,&quot;201341983&quot;:0,&quot;335551550&quot;:1,&quot;335551620&quot;:1,&quot;335559737&quot;:0,&quot;335559738&quot;:0,&quot;335559739&quot;:160,&quot;335559740&quot;:259}\">\u00a0<\/span><\/li>\n<li data-leveltext=\"\uf0b7\" data-font=\"Symbol\" data-listid=\"1\" data-list-defn-props=\"{&quot;335552541&quot;:1,&quot;335559684&quot;:-2,&quot;335559685&quot;:720,&quot;335559991&quot;:360,&quot;469769226&quot;:&quot;Symbol&quot;,&quot;469769242&quot;:[8226],&quot;469777803&quot;:&quot;left&quot;,&quot;469777804&quot;:&quot;\uf0b7&quot;,&quot;469777815&quot;:&quot;hybridMultilevel&quot;}\" aria-setsize=\"-1\" data-aria-posinset=\"3\" data-aria-level=\"1\"><span data-contrast=\"auto\">A chamada \u201careniza\u00e7\u00e3o\u201d dos est\u00e1dios brasileiros estava apenas come\u00e7ando e acabou impulsionada justamente com a constru\u00e7\u00e3o e reforma de est\u00e1dios \u201cpadr\u00e3o FIFA\u201d para a Copa.\u00a0<\/span><span data-ccp-props=\"{&quot;134233117&quot;:false,&quot;134233118&quot;:false,&quot;201341983&quot;:0,&quot;335551550&quot;:1,&quot;335551620&quot;:1,&quot;335559737&quot;:0,&quot;335559738&quot;:0,&quot;335559739&quot;:160,&quot;335559740&quot;:259}\">\u00a0<\/span><\/li>\n<li data-leveltext=\"\uf0b7\" data-font=\"Symbol\" data-listid=\"1\" data-list-defn-props=\"{&quot;335552541&quot;:1,&quot;335559684&quot;:-2,&quot;335559685&quot;:720,&quot;335559991&quot;:360,&quot;469769226&quot;:&quot;Symbol&quot;,&quot;469769242&quot;:[8226],&quot;469777803&quot;:&quot;left&quot;,&quot;469777804&quot;:&quot;\uf0b7&quot;,&quot;469777815&quot;:&quot;hybridMultilevel&quot;}\" aria-setsize=\"-1\" data-aria-posinset=\"4\" data-aria-level=\"1\"><span data-contrast=\"auto\">Os epis\u00f3dios de racismo no mundo inteiro j\u00e1 aconteciam, mas n\u00e3o eram percebidos como um problema grave, nem repercutiam no debate p\u00fablico.<\/span><span data-ccp-props=\"{&quot;134233117&quot;:false,&quot;134233118&quot;:false,&quot;201341983&quot;:0,&quot;335551550&quot;:1,&quot;335551620&quot;:1,&quot;335559737&quot;:0,&quot;335559738&quot;:0,&quot;335559739&quot;:160,&quot;335559740&quot;:259}\">\u00a0<\/span><\/li>\n<li data-leveltext=\"\uf0b7\" data-font=\"Symbol\" data-listid=\"1\" data-list-defn-props=\"{&quot;335552541&quot;:1,&quot;335559684&quot;:-2,&quot;335559685&quot;:720,&quot;335559991&quot;:360,&quot;469769226&quot;:&quot;Symbol&quot;,&quot;469769242&quot;:[8226],&quot;469777803&quot;:&quot;left&quot;,&quot;469777804&quot;:&quot;\uf0b7&quot;,&quot;469777815&quot;:&quot;hybridMultilevel&quot;}\" aria-setsize=\"-1\" data-aria-posinset=\"5\" data-aria-level=\"1\"><span data-contrast=\"auto\">Em 2008, pouca aten\u00e7\u00e3o se dava ao futebol de mulheres, tanto que nossa exposi\u00e7\u00e3o quase n\u00e3o tinha jogadoras \u2013 e o que \u00e9 pior, pouca gente percebeu essa aus\u00eancia.\u00a0<\/span><span data-ccp-props=\"{&quot;134233117&quot;:false,&quot;134233118&quot;:false,&quot;201341983&quot;:0,&quot;335551550&quot;:1,&quot;335551620&quot;:1,&quot;335559737&quot;:0,&quot;335559738&quot;:0,&quot;335559739&quot;:160,&quot;335559740&quot;:259}\">\u00a0<\/span><\/li>\n<li data-leveltext=\"\uf0b7\" data-font=\"Symbol\" data-listid=\"1\" data-list-defn-props=\"{&quot;335552541&quot;:1,&quot;335559684&quot;:-2,&quot;335559685&quot;:720,&quot;335559991&quot;:360,&quot;469769226&quot;:&quot;Symbol&quot;,&quot;469769242&quot;:[8226],&quot;469777803&quot;:&quot;left&quot;,&quot;469777804&quot;:&quot;\uf0b7&quot;,&quot;469777815&quot;:&quot;hybridMultilevel&quot;}\" aria-setsize=\"-1\" data-aria-posinset=\"6\" data-aria-level=\"1\"><span data-contrast=\"auto\">A internet estava come\u00e7ando a se popularizar, os celulares n\u00e3o tinham c\u00e2meras, e a gente consumia v\u00eddeos na horizontal, \u00e9 claro, pois era o natural das telas de TV e cinema.<\/span><span data-ccp-props=\"{&quot;134233117&quot;:false,&quot;134233118&quot;:false,&quot;201341983&quot;:0,&quot;335551550&quot;:1,&quot;335551620&quot;:1,&quot;335559737&quot;:0,&quot;335559738&quot;:0,&quot;335559739&quot;:160,&quot;335559740&quot;:259}\">\u00a0<\/span><\/li>\n<li data-leveltext=\"\uf0b7\" data-font=\"Symbol\" data-listid=\"1\" data-list-defn-props=\"{&quot;335552541&quot;:1,&quot;335559684&quot;:-2,&quot;335559685&quot;:720,&quot;335559991&quot;:360,&quot;469769226&quot;:&quot;Symbol&quot;,&quot;469769242&quot;:[8226],&quot;469777803&quot;:&quot;left&quot;,&quot;469777804&quot;:&quot;\uf0b7&quot;,&quot;469777815&quot;:&quot;hybridMultilevel&quot;}\" aria-setsize=\"-1\" data-aria-posinset=\"7\" data-aria-level=\"1\"><span data-contrast=\"auto\">Imaginar que passar\u00edamos quase dois anos assolados por uma pandemia de gripe que mataria 700 mil brasileiros era papo de fic\u00e7\u00e3o cient\u00edfica pessimista.<\/span><span data-ccp-props=\"{&quot;134233117&quot;:false,&quot;134233118&quot;:false,&quot;201341983&quot;:0,&quot;335551550&quot;:1,&quot;335551620&quot;:1,&quot;335559737&quot;:0,&quot;335559738&quot;:0,&quot;335559739&quot;:160,&quot;335559740&quot;:259}\">\u00a0<\/span><\/li>\n<\/ul>\n<p>[\/vc_column_text][\/vc_column][\/vc_row][vc_row full_width=&#8221;stretch_row_content&#8221; css=&#8221;.vc_custom_1701438189987{background-color: #f0f0f0 !important;}&#8221;][vc_column width=&#8221;1\/2&#8243;][vc_single_image image=&#8221;973&#8243; img_size=&#8221;full&#8221; add_caption=&#8221;yes&#8221;][\/vc_column][vc_column width=&#8221;1\/2&#8243;][vc_single_image image=&#8221;950&#8243; img_size=&#8221;full&#8221; add_caption=&#8221;yes&#8221;][\/vc_column][\/vc_row][vc_row][vc_column][vc_column_text]<strong>O mundo mudou bastante, est\u00e1 claro. E o Museu com isso?\u00a0\u00a0<\/strong><\/p>\n<p><span data-contrast=\"auto\">Voc\u00ea j\u00e1 deve ter percebido que h\u00e1 duas camadas mais evidentes de como o passar do tempo nos afeta.\u00a0<\/span><span data-ccp-props=\"{&quot;134233117&quot;:false,&quot;134233118&quot;:false,&quot;201341983&quot;:0,&quot;335551550&quot;:1,&quot;335551620&quot;:1,&quot;335559685&quot;:0,&quot;335559737&quot;:0,&quot;335559738&quot;:0,&quot;335559739&quot;:160,&quot;335559740&quot;:259}\">\u00a0<\/span><\/p>\n<p><span data-contrast=\"auto\">A primeira \u00e9 que novas coisas aconteceram no mundo e no futebol: Pel\u00e9 morreu, teve Copa no Brasil, perdemos de 7 x 1 da Alemanha<\/span><span data-contrast=\"auto\">, <\/span><span data-contrast=\"auto\">Marta foi eleita a melhor do mundo seis vezes, vivemos uma pandemia. Como esses fatos novos ser\u00e3o incorporados na nossa exposi\u00e7\u00e3o? <\/span><span data-ccp-props=\"{&quot;134233117&quot;:false,&quot;134233118&quot;:false,&quot;201341983&quot;:0,&quot;335551550&quot;:1,&quot;335551620&quot;:1,&quot;335559685&quot;:0,&quot;335559737&quot;:0,&quot;335559738&quot;:0,&quot;335559739&quot;:160,&quot;335559740&quot;:259}\">\u00a0<\/span><\/p>\n<p><span data-contrast=\"auto\">A segunda camada \u00e9 de atualiza\u00e7\u00e3o tecnol\u00f3gica. Os equipamentos envelhecem, novas solu\u00e7\u00f5es surgem, e um museu que sempre foi baseado em tecnologia e interatividade precisa fazer um <\/span><i><span data-contrast=\"auto\">upgrade <\/span><\/i><span data-contrast=\"auto\">de vez em quando.\u00a0<\/span><span data-ccp-props=\"{&quot;134233117&quot;:false,&quot;134233118&quot;:false,&quot;201341983&quot;:0,&quot;335551550&quot;:1,&quot;335551620&quot;:1,&quot;335559685&quot;:0,&quot;335559737&quot;:0,&quot;335559738&quot;:0,&quot;335559739&quot;:160,&quot;335559740&quot;:259}\">\u00a0<\/span><\/p>\n<p><span data-contrast=\"auto\">E a\u00ed vem a terceira camada, menos evidente:\u00a0<\/span><span data-ccp-props=\"{&quot;134233117&quot;:false,&quot;134233118&quot;:false,&quot;201341983&quot;:0,&quot;335551550&quot;:1,&quot;335551620&quot;:1,&quot;335559685&quot;:0,&quot;335559737&quot;:0,&quot;335559738&quot;:0,&quot;335559739&quot;:160,&quot;335559740&quot;:259}\">\u00a0<\/span><\/p>\n<p><span data-contrast=\"auto\"><strong>Os fatos do passado n\u00e3o mudam. Mas a forma como olhamos para eles, sim.<\/strong> E isso diz mais sobre a gente hoje do que sobre o que se passou cem, cinquenta anos atr\u00e1s.\u00a0<\/span><span data-ccp-props=\"{&quot;134233117&quot;:false,&quot;134233118&quot;:false,&quot;201341983&quot;:0,&quot;335551550&quot;:1,&quot;335551620&quot;:1,&quot;335559685&quot;:0,&quot;335559737&quot;:0,&quot;335559738&quot;:0,&quot;335559739&quot;:160,&quot;335559740&quot;:259}\">\u00a0<\/span><\/p>\n<p><span data-contrast=\"auto\">O caso do futebol de mulheres \u00e9 o mais emblem\u00e1tico. Nos \u00faltimos quinze anos, por uma s\u00e9rie de motivos, o interesse na modalidade cresceu bastante. Podemos citar fatores externos como a quarta onda do feminismo, mudan\u00e7as no estatuto da FIFA, pol\u00edticas afirmativas visando \u00e0 equidade de g\u00eanero.\u00a0\u00a0\u00a0<\/span><span data-ccp-props=\"{&quot;134233117&quot;:false,&quot;134233118&quot;:false,&quot;201341983&quot;:0,&quot;335551550&quot;:1,&quot;335551620&quot;:1,&quot;335559685&quot;:0,&quot;335559737&quot;:0,&quot;335559738&quot;:0,&quot;335559739&quot;:160,&quot;335559740&quot;:259}\">\u00a0<\/span><\/p>\n<p><span data-contrast=\"auto\">Internamente, ao longo desse tempo, o futebol de mulheres virou um dos principais temas de trabalho do Museu do Futebol. Nos integramos e ajudamos a consolidar uma rede de pesquisa, descobrimos fatos que estavam quase esquecidos sobre a proibi\u00e7\u00e3o do futebol de mulheres no Brasil, realizamos exposi\u00e7\u00f5es tempor\u00e1rias e eventos.\u00a0<\/span><span data-ccp-props=\"{&quot;134233117&quot;:false,&quot;134233118&quot;:false,&quot;201341983&quot;:0,&quot;335551550&quot;:1,&quot;335551620&quot;:1,&quot;335559685&quot;:0,&quot;335559737&quot;:0,&quot;335559738&quot;:0,&quot;335559739&quot;:160,&quot;335559740&quot;:259}\">\u00a0<\/span><\/p>\n<p><span data-contrast=\"auto\">Algo muito importante sobre museus \u00e9 o compromisso de produzir conhecimento a partir de seus temas. O Museu do Futebol \u00e9 refer\u00eancia na \u00e1rea, capitaneado pelas a\u00e7\u00f5es do Centro de Refer\u00eancia do Futebol Brasileiro.\u00a0 Enfim, pesquisamos e aprendemos um bocado nestes anos de exist\u00eancia. E est\u00e1 na hora de compartilhar esse aprendizado de maneira mais consistente, atrav\u00e9s de nossa exposi\u00e7\u00e3o principal.\u00a0<\/span><span data-ccp-props=\"{&quot;134233117&quot;:false,&quot;134233118&quot;:false,&quot;201341983&quot;:0,&quot;335551550&quot;:1,&quot;335551620&quot;:1,&quot;335559685&quot;:0,&quot;335559737&quot;:0,&quot;335559738&quot;:0,&quot;335559739&quot;:160,&quot;335559740&quot;:259}\">\u00a0<\/span><\/p>\n<p><span data-contrast=\"auto\">O que nos traz de volta ao t\u00edtulo deste post.\u00a0<\/span><span data-ccp-props=\"{&quot;134233117&quot;:false,&quot;134233118&quot;:false,&quot;201341983&quot;:0,&quot;335551550&quot;:1,&quot;335551620&quot;:1,&quot;335559685&quot;:0,&quot;335559737&quot;:0,&quot;335559738&quot;:0,&quot;335559739&quot;:160,&quot;335559740&quot;:259}\">\u00a0<\/span><\/p>\n<p><span data-contrast=\"auto\">No mundo dos museus nunca se fala em \u201cexposi\u00e7\u00e3o <\/span><i><span data-contrast=\"auto\">permanente\u201d<\/span><\/i><span data-contrast=\"auto\">. Parece um detalhe, mas n\u00e3o \u00e9. Os museus contempor\u00e2neos precisam revistar suas exposi\u00e7\u00f5es de tempos em tempos, idealmente a cada 10 ou 15 anos, para equalizar as quest\u00f5es como as que elencamos aqui. Mudan\u00e7as menores podem ocorrer ao longo do tempo, mas esse \u00e9 o prazo em que a chacoalhada precisar ser um pouco maior.\u00a0<\/span><span data-ccp-props=\"{&quot;134233117&quot;:false,&quot;134233118&quot;:false,&quot;201341983&quot;:0,&quot;335551550&quot;:1,&quot;335551620&quot;:1,&quot;335559685&quot;:0,&quot;335559737&quot;:0,&quot;335559738&quot;:0,&quot;335559739&quot;:160,&quot;335559740&quot;:259}\">\u00a0<\/span><\/p>\n<p><span data-contrast=\"auto\">Por isso, o termo t\u00e9cnico \u00e9 \u201cexposi\u00e7\u00e3o de longa dura\u00e7\u00e3o\u201d &#8211; mas como ningu\u00e9m merece esse termo enorme e um tanto quanto antip\u00e1tico, usa-se com mais frequ\u00eancia \u201cexposi\u00e7\u00e3o principal\u201d.\u00a0<\/span><span data-ccp-props=\"{&quot;134233117&quot;:false,&quot;134233118&quot;:false,&quot;201341983&quot;:0,&quot;335551550&quot;:1,&quot;335551620&quot;:1,&quot;335559685&quot;:0,&quot;335559737&quot;:0,&quot;335559738&quot;:0,&quot;335559739&quot;:160,&quot;335559740&quot;:259}\">\u00a0<\/span><\/p>\n<p><span data-contrast=\"auto\">\u00c9 ela mesma que estamos reformulando. O trabalho come\u00e7ou h\u00e1 quase dois anos, com muito planejamento e tomada de decis\u00f5es, e agora estamos na fase de implantar o que foi imaginado com muito carinho.\u00a0\u00a0<\/span><span data-ccp-props=\"{&quot;134233117&quot;:false,&quot;134233118&quot;:false,&quot;201341983&quot;:0,&quot;335551550&quot;:1,&quot;335551620&quot;:1,&quot;335559685&quot;:0,&quot;335559737&quot;:0,&quot;335559738&quot;:0,&quot;335559739&quot;:160,&quot;335559740&quot;:259}\">\u00a0<\/span><\/p>\n<p><span data-contrast=\"auto\">Enquanto as obras acontecem, venham nos visitar na exposi\u00e7\u00e3o Futebol de Brinquedo, que est\u00e1 linda. E esta \u00e9 outra coisa importante de dizer: um museu \u00e9 muito mais que sua exposi\u00e7\u00e3o principal \u2013 mas isso \u00e9 assunto para outro post.\u00a0<\/span><span data-ccp-props=\"{&quot;134233117&quot;:false,&quot;134233118&quot;:false,&quot;201341983&quot;:0,&quot;335551550&quot;:1,&quot;335551620&quot;:1,&quot;335559685&quot;:0,&quot;335559737&quot;:0,&quot;335559738&quot;:0,&quot;335559739&quot;:160,&quot;335559740&quot;:259}\">\u00a0<\/span>[\/vc_column_text][\/vc_column][\/vc_row]<\/p>\n<\/div>","protected":false},"excerpt":{"rendered":"<p>[vc_row][vc_column][vc_single_image image=&#8221;10645&#8243; img_size=&#8221;full&#8221;][vc_column_text]Voc\u00ea j\u00e1 deve ter visto por a\u00ed &#8211; ou aqui mesmo, em nossos canais \u2013 que acabamos de come\u00e7ar uma grande obra de reformula\u00e7\u00e3o<span class=\"excerpt-hellip\"> [\u2026]<\/span><\/p>\n","protected":false},"author":13,"featured_media":10645,"comment_status":"closed","ping_status":"closed","sticky":false,"template":"","format":"standard","meta":[],"categories":[728],"tags":[],"acf":[],"yoast_head":"<!-- This site is optimized with the Yoast SEO plugin v20.8 - https:\/\/yoast.com\/wordpress\/plugins\/seo\/ -->\n<title>Exposi\u00e7\u00e3o... permanente? - Museu do Futebol<\/title>\n<meta name=\"description\" content=\"Voc\u00ea j\u00e1 deve ter visto por a\u00ed - ou aqui mesmo, em nossos canais \u2013 que acabamos de come\u00e7ar uma grande obra de reformula\u00e7\u00e3o em nossa exposi\u00e7\u00e3o.\" \/>\n<meta name=\"robots\" content=\"index, follow, max-snippet:-1, max-image-preview:large, max-video-preview:-1\" \/>\n<link rel=\"canonical\" href=\"https:\/\/museudofutebol.org.br\/teste\/blog\/exposicao-permanente\/\" \/>\n<meta property=\"og:locale\" content=\"pt_BR\" \/>\n<meta property=\"og:type\" content=\"article\" \/>\n<meta property=\"og:title\" content=\"Exposi\u00e7\u00e3o... permanente? - Museu do Futebol\" \/>\n<meta property=\"og:description\" content=\"Voc\u00ea j\u00e1 deve ter visto por a\u00ed - ou aqui mesmo, em nossos canais \u2013 que acabamos de come\u00e7ar uma grande obra de reformula\u00e7\u00e3o em nossa exposi\u00e7\u00e3o.\" \/>\n<meta property=\"og:url\" content=\"https:\/\/museudofutebol.org.br\/teste\/blog\/exposicao-permanente\/\" \/>\n<meta property=\"og:site_name\" content=\"Museu do Futebol\" \/>\n<meta property=\"article:publisher\" content=\"https:\/\/www.facebook.com\/museudofutebol\" \/>\n<meta property=\"article:published_time\" content=\"2023-12-01T13:43:48+00:00\" \/>\n<meta property=\"article:modified_time\" content=\"2023-12-01T13:46:03+00:00\" \/>\n<meta property=\"og:image\" content=\"https:\/\/museudofutebol.org.br\/teste\/wp-content\/uploads\/2023\/11\/IMG_0960-scaled.jpg\" \/>\n\t<meta property=\"og:image:width\" content=\"2560\" \/>\n\t<meta property=\"og:image:height\" content=\"1707\" \/>\n\t<meta property=\"og:image:type\" content=\"image\/jpeg\" \/>\n<meta name=\"author\" content=\"Renata Beltr\u00e3o\" \/>\n<meta name=\"twitter:card\" content=\"summary_large_image\" \/>\n<meta name=\"twitter:creator\" content=\"@museudofutebol\" \/>\n<meta name=\"twitter:site\" content=\"@museudofutebol\" \/>\n<meta name=\"twitter:label1\" content=\"Escrito por\" \/>\n\t<meta name=\"twitter:data1\" content=\"Renata Beltr\u00e3o\" \/>\n\t<meta name=\"twitter:label2\" content=\"Est. tempo de leitura\" \/>\n\t<meta name=\"twitter:data2\" content=\"5 minutos\" \/>\n<script type=\"application\/ld+json\" class=\"yoast-schema-graph\">{\"@context\":\"https:\/\/schema.org\",\"@graph\":[{\"@type\":\"WebPage\",\"@id\":\"https:\/\/museudofutebol.org.br\/teste\/blog\/exposicao-permanente\/\",\"url\":\"https:\/\/museudofutebol.org.br\/teste\/blog\/exposicao-permanente\/\",\"name\":\"Exposi\u00e7\u00e3o... permanente? - Museu do Futebol\",\"isPartOf\":{\"@id\":\"https:\/\/museudofutebol.org.br\/teste\/#website\"},\"datePublished\":\"2023-12-01T13:43:48+00:00\",\"dateModified\":\"2023-12-01T13:46:03+00:00\",\"author\":{\"@id\":\"https:\/\/museudofutebol.org.br\/teste\/#\/schema\/person\/c9b1bd07512d321f83b25c0780427051\"},\"description\":\"Voc\u00ea j\u00e1 deve ter visto por a\u00ed - ou aqui mesmo, em nossos canais \u2013 que acabamos de come\u00e7ar uma grande obra de reformula\u00e7\u00e3o em nossa exposi\u00e7\u00e3o.\",\"breadcrumb\":{\"@id\":\"https:\/\/museudofutebol.org.br\/teste\/blog\/exposicao-permanente\/#breadcrumb\"},\"inLanguage\":\"pt-BR\",\"potentialAction\":[{\"@type\":\"ReadAction\",\"target\":[\"https:\/\/museudofutebol.org.br\/teste\/blog\/exposicao-permanente\/\"]}]},{\"@type\":\"BreadcrumbList\",\"@id\":\"https:\/\/museudofutebol.org.br\/teste\/blog\/exposicao-permanente\/#breadcrumb\",\"itemListElement\":[{\"@type\":\"ListItem\",\"position\":1,\"name\":\"In\u00edcio\",\"item\":\"https:\/\/museudofutebol.org.br\/teste\/\"},{\"@type\":\"ListItem\",\"position\":2,\"name\":\"Exposi\u00e7\u00e3o&#8230; permanente?\"}]},{\"@type\":\"WebSite\",\"@id\":\"https:\/\/museudofutebol.org.br\/teste\/#website\",\"url\":\"https:\/\/museudofutebol.org.br\/teste\/\",\"name\":\"Museu do Futebol\",\"description\":\"\",\"potentialAction\":[{\"@type\":\"SearchAction\",\"target\":{\"@type\":\"EntryPoint\",\"urlTemplate\":\"https:\/\/museudofutebol.org.br\/teste\/?s={search_term_string}\"},\"query-input\":\"required name=search_term_string\"}],\"inLanguage\":\"pt-BR\"},{\"@type\":\"Person\",\"@id\":\"https:\/\/museudofutebol.org.br\/teste\/#\/schema\/person\/c9b1bd07512d321f83b25c0780427051\",\"name\":\"Renata Beltr\u00e3o\",\"url\":\"https:\/\/museudofutebol.org.br\/teste\/author\/renata-beltrao\/\"}]}<\/script>\n<!-- \/ Yoast SEO plugin. -->","yoast_head_json":{"title":"Exposi\u00e7\u00e3o... permanente? - Museu do Futebol","description":"Voc\u00ea j\u00e1 deve ter visto por a\u00ed - ou aqui mesmo, em nossos canais \u2013 que acabamos de come\u00e7ar uma grande obra de reformula\u00e7\u00e3o em nossa exposi\u00e7\u00e3o.","robots":{"index":"index","follow":"follow","max-snippet":"max-snippet:-1","max-image-preview":"max-image-preview:large","max-video-preview":"max-video-preview:-1"},"canonical":"https:\/\/museudofutebol.org.br\/teste\/blog\/exposicao-permanente\/","og_locale":"pt_BR","og_type":"article","og_title":"Exposi\u00e7\u00e3o... permanente? - Museu do Futebol","og_description":"Voc\u00ea j\u00e1 deve ter visto por a\u00ed - ou aqui mesmo, em nossos canais \u2013 que acabamos de come\u00e7ar uma grande obra de reformula\u00e7\u00e3o em nossa exposi\u00e7\u00e3o.","og_url":"https:\/\/museudofutebol.org.br\/teste\/blog\/exposicao-permanente\/","og_site_name":"Museu do Futebol","article_publisher":"https:\/\/www.facebook.com\/museudofutebol","article_published_time":"2023-12-01T13:43:48+00:00","article_modified_time":"2023-12-01T13:46:03+00:00","og_image":[{"width":2560,"height":1707,"url":"https:\/\/museudofutebol.org.br\/teste\/wp-content\/uploads\/2023\/11\/IMG_0960-scaled.jpg","type":"image\/jpeg"}],"author":"Renata Beltr\u00e3o","twitter_card":"summary_large_image","twitter_creator":"@museudofutebol","twitter_site":"@museudofutebol","twitter_misc":{"Escrito por":"Renata Beltr\u00e3o","Est. tempo de leitura":"5 minutos"},"schema":{"@context":"https:\/\/schema.org","@graph":[{"@type":"WebPage","@id":"https:\/\/museudofutebol.org.br\/teste\/blog\/exposicao-permanente\/","url":"https:\/\/museudofutebol.org.br\/teste\/blog\/exposicao-permanente\/","name":"Exposi\u00e7\u00e3o... permanente? - Museu do Futebol","isPartOf":{"@id":"https:\/\/museudofutebol.org.br\/teste\/#website"},"datePublished":"2023-12-01T13:43:48+00:00","dateModified":"2023-12-01T13:46:03+00:00","author":{"@id":"https:\/\/museudofutebol.org.br\/teste\/#\/schema\/person\/c9b1bd07512d321f83b25c0780427051"},"description":"Voc\u00ea j\u00e1 deve ter visto por a\u00ed - ou aqui mesmo, em nossos canais \u2013 que acabamos de come\u00e7ar uma grande obra de reformula\u00e7\u00e3o em nossa exposi\u00e7\u00e3o.","breadcrumb":{"@id":"https:\/\/museudofutebol.org.br\/teste\/blog\/exposicao-permanente\/#breadcrumb"},"inLanguage":"pt-BR","potentialAction":[{"@type":"ReadAction","target":["https:\/\/museudofutebol.org.br\/teste\/blog\/exposicao-permanente\/"]}]},{"@type":"BreadcrumbList","@id":"https:\/\/museudofutebol.org.br\/teste\/blog\/exposicao-permanente\/#breadcrumb","itemListElement":[{"@type":"ListItem","position":1,"name":"In\u00edcio","item":"https:\/\/museudofutebol.org.br\/teste\/"},{"@type":"ListItem","position":2,"name":"Exposi\u00e7\u00e3o&#8230; permanente?"}]},{"@type":"WebSite","@id":"https:\/\/museudofutebol.org.br\/teste\/#website","url":"https:\/\/museudofutebol.org.br\/teste\/","name":"Museu do Futebol","description":"","potentialAction":[{"@type":"SearchAction","target":{"@type":"EntryPoint","urlTemplate":"https:\/\/museudofutebol.org.br\/teste\/?s={search_term_string}"},"query-input":"required name=search_term_string"}],"inLanguage":"pt-BR"},{"@type":"Person","@id":"https:\/\/museudofutebol.org.br\/teste\/#\/schema\/person\/c9b1bd07512d321f83b25c0780427051","name":"Renata Beltr\u00e3o","url":"https:\/\/museudofutebol.org.br\/teste\/author\/renata-beltrao\/"}]}},"_links":{"self":[{"href":"https:\/\/museudofutebol.org.br\/teste\/wp-json\/wp\/v2\/posts\/10689"}],"collection":[{"href":"https:\/\/museudofutebol.org.br\/teste\/wp-json\/wp\/v2\/posts"}],"about":[{"href":"https:\/\/museudofutebol.org.br\/teste\/wp-json\/wp\/v2\/types\/post"}],"author":[{"embeddable":true,"href":"https:\/\/museudofutebol.org.br\/teste\/wp-json\/wp\/v2\/users\/13"}],"replies":[{"embeddable":true,"href":"https:\/\/museudofutebol.org.br\/teste\/wp-json\/wp\/v2\/comments?post=10689"}],"version-history":[{"count":4,"href":"https:\/\/museudofutebol.org.br\/teste\/wp-json\/wp\/v2\/posts\/10689\/revisions"}],"predecessor-version":[{"id":10693,"href":"https:\/\/museudofutebol.org.br\/teste\/wp-json\/wp\/v2\/posts\/10689\/revisions\/10693"}],"wp:featuredmedia":[{"embeddable":true,"href":"https:\/\/museudofutebol.org.br\/teste\/wp-json\/wp\/v2\/media\/10645"}],"wp:attachment":[{"href":"https:\/\/museudofutebol.org.br\/teste\/wp-json\/wp\/v2\/media?parent=10689"}],"wp:term":[{"taxonomy":"category","embeddable":true,"href":"https:\/\/museudofutebol.org.br\/teste\/wp-json\/wp\/v2\/categories?post=10689"},{"taxonomy":"post_tag","embeddable":true,"href":"https:\/\/museudofutebol.org.br\/teste\/wp-json\/wp\/v2\/tags?post=10689"}],"curies":[{"name":"wp","href":"https:\/\/api.w.org\/{rel}","templated":true}]}}