{"id":11158,"date":"2024-01-15T17:36:23","date_gmt":"2024-01-15T20:36:23","guid":{"rendered":"https:\/\/museudofutebol.org.br\/teste\/?p=11158"},"modified":"2024-01-17T13:58:36","modified_gmt":"2024-01-17T16:58:36","slug":"inscricoes-abertas-para-o-comite-jovem-2024","status":"publish","type":"post","link":"https:\/\/museudofutebol.org.br\/teste\/uncategorized\/inscricoes-abertas-para-o-comite-jovem-2024\/","title":{"rendered":"Inscri\u00e7\u00f5es abertas para o Comit\u00ea Jovem 2024"},"content":{"rendered":"<p><span data-contrast=\"none\">O <\/span><b><span data-contrast=\"none\">Museu do Futebol<\/span><\/b><span data-contrast=\"none\"> est\u00e1 com inscri\u00e7\u00f5es abertas p<\/span><span data-contrast=\"none\">ara o <\/span><b><span data-contrast=\"none\">Comit\u00ea Jovem 2024<\/span><\/b><span data-contrast=\"none\">.\u00a0S\u00e3o seis vagas para estudantes do Ensino M\u00e9dio, que tenham interesse em contribuir com a equipe do Museu do Futebol para ajudar a identificar formas de fazer com que a institui\u00e7\u00e3o seja mais atraente para adolescentes e jovens adultos. Os jovens selecionados receber\u00e3o bolsa-aux\u00edlio e v\u00e3o participar de encontros presenciais e remotos.<\/span><span data-ccp-props=\"{&quot;201341983&quot;:0,&quot;335559739&quot;:0,&quot;335559740&quot;:240}\">\u00a0<\/span><\/p>\n<p><span data-contrast=\"none\">Os selecionados ter\u00e3o uma bolsa-aux\u00edlio mensal de R$ 250,00, ao longo de cinco meses. Durante esse per\u00edodo, as pessoas escolhidas precisam ter <\/span><span data-contrast=\"none\">disponibilidade para participar de tr\u00eas reuni\u00f5es presenciais no Museu do Futebol e seis atividades remotas. <\/span><span data-ccp-props=\"{&quot;201341983&quot;:0,&quot;335559739&quot;:0,&quot;335559740&quot;:240}\">\u00a0<\/span><\/p>\n<p><span data-contrast=\"none\">\u202f<\/span><span data-contrast=\"none\">Para participar, os interessados devem ter 16 ou 18 anos at\u00e9 a data da inscri\u00e7\u00e3o, estar matriculados regularmente no Ensino M\u00e9dio nas redes p\u00fablica ou privada e ter afinidade com temas como o futebol, arte, cultura, hist\u00f3ria, comunica\u00e7\u00e3o, entre outros. Os candidatos devem enviar uma reda\u00e7\u00e3o que tem como tema:<\/span> <b><span data-contrast=\"none\">\u201cO que eu posso fazer para um mundo mais criativo e sustent\u00e1vel?\u201d<\/span><\/b><span data-contrast=\"none\">.\u00a0<\/span><span data-ccp-props=\"{&quot;201341983&quot;:0,&quot;335559739&quot;:0,&quot;335559740&quot;:240}\">\u00a0<\/span><\/p>\n<p><span data-ccp-props=\"{&quot;201341983&quot;:0,&quot;335559739&quot;:0,&quot;335559740&quot;:240}\">\u00a0<\/span><b><span data-contrast=\"none\">INSCRI\u00c7\u00d5ES<\/span><\/b><span data-ccp-props=\"{&quot;134233117&quot;:false,&quot;134233118&quot;:false,&quot;201341983&quot;:0,&quot;335551550&quot;:1,&quot;335551620&quot;:1,&quot;335559685&quot;:0,&quot;335559737&quot;:0,&quot;335559738&quot;:0,&quot;335559739&quot;:0,&quot;335559740&quot;:240}\">\u00a0<\/span><\/p>\n<ul>\n<li data-leveltext=\"\uf0b7\" data-font=\"Symbol\" data-listid=\"1\" data-list-defn-props=\"{&quot;335552541&quot;:1,&quot;335559684&quot;:-2,&quot;335559685&quot;:720,&quot;335559991&quot;:360,&quot;469769226&quot;:&quot;Symbol&quot;,&quot;469769242&quot;:[8226],&quot;469777803&quot;:&quot;left&quot;,&quot;469777804&quot;:&quot;\uf0b7&quot;,&quot;469777815&quot;:&quot;hybridMultilevel&quot;}\" aria-setsize=\"-1\" data-aria-posinset=\"1\" data-aria-level=\"1\"><span data-contrast=\"none\">O candidato deve ficar atento ao <\/span><strong><a href=\"https:\/\/www.idbr.org.br\/wp-content\/uploads\/2023\/12\/Edital_Comite_Jovem_2024-.pdf?fbclid=IwAR22TQ5Bd2HH74SQjUggVol-5SvA1tsfa7OkO3gVvhgncMJVltyC8rdEFMU\">edital<\/a><\/strong><span data-contrast=\"none\"> e ver se atende aos requisitos necess\u00e1rios \u00e0 vaga.<\/span><span data-ccp-props=\"{&quot;201341983&quot;:0,&quot;335559739&quot;:0,&quot;335559740&quot;:240}\">\u00a0<\/span><\/li>\n<li data-leveltext=\"\uf0b7\" data-font=\"Symbol\" data-listid=\"1\" data-list-defn-props=\"{&quot;335552541&quot;:1,&quot;335559684&quot;:-2,&quot;335559685&quot;:720,&quot;335559991&quot;:360,&quot;469769226&quot;:&quot;Symbol&quot;,&quot;469769242&quot;:[8226],&quot;469777803&quot;:&quot;left&quot;,&quot;469777804&quot;:&quot;\uf0b7&quot;,&quot;469777815&quot;:&quot;hybridMultilevel&quot;}\" aria-setsize=\"-1\" data-aria-posinset=\"2\" data-aria-level=\"1\"><span data-contrast=\"none\">Responder ao <\/span><strong><a href=\"https:\/\/docs.google.com\/forms\/d\/e\/1FAIpQLSeqrClSHvbshpIMmflsoFV-UCX5z4MdWiDWYICsAITlSaszFg\/viewform?fbclid=IwAR3w_h-ioxBtl28IxZeABbtwy1rRtG8cnla3Lg0FIPoqtOnyMxQt_QzN1_8\">formul\u00e1rio de inscri\u00e7\u00e3o<\/a>.\u00a0<\/strong><\/li>\n<li data-leveltext=\"\uf0b7\" data-font=\"Symbol\" data-listid=\"1\" data-list-defn-props=\"{&quot;335552541&quot;:1,&quot;335559684&quot;:-2,&quot;335559685&quot;:720,&quot;335559991&quot;:360,&quot;469769226&quot;:&quot;Symbol&quot;,&quot;469769242&quot;:[8226],&quot;469777803&quot;:&quot;left&quot;,&quot;469777804&quot;:&quot;\uf0b7&quot;,&quot;469777815&quot;:&quot;hybridMultilevel&quot;}\" aria-setsize=\"-1\" data-aria-posinset=\"3\" data-aria-level=\"1\"><span data-contrast=\"none\">Dever\u00e1 ser anexado ao formul\u00e1rio uma reda\u00e7\u00e3o com a tem\u00e1tica:<\/span><span data-contrast=\"none\"> \u201cO que eu posso fazer para um mundo mais criativo e sustent\u00e1vel?\u201d. O texto deve ser escrito \u00e0 m\u00e3o, fotografado ou digitalizado. <\/span><span data-ccp-props=\"{&quot;201341983&quot;:0,&quot;335559739&quot;:0,&quot;335559740&quot;:240}\">\u00a0<\/span><\/li>\n<li data-leveltext=\"\uf0b7\" data-font=\"Symbol\" data-listid=\"1\" data-list-defn-props=\"{&quot;335552541&quot;:1,&quot;335559684&quot;:-2,&quot;335559685&quot;:720,&quot;335559991&quot;:360,&quot;469769226&quot;:&quot;Symbol&quot;,&quot;469769242&quot;:[8226],&quot;469777803&quot;:&quot;left&quot;,&quot;469777804&quot;:&quot;\uf0b7&quot;,&quot;469777815&quot;:&quot;hybridMultilevel&quot;}\" aria-setsize=\"-1\" data-aria-posinset=\"3\" data-aria-level=\"1\"><span data-contrast=\"none\">As inscri\u00e7\u00f5es v\u00e3o at\u00e9 dia 1\/3 e o resultado da sele\u00e7\u00e3o ser\u00e1 divulgado no site do Museu do Futebol.<\/span><span data-ccp-props=\"{&quot;201341983&quot;:0,&quot;335559739&quot;:0,&quot;335559740&quot;:240}\">\u00a0<\/span><\/li>\n<\/ul>\n<p>&nbsp;<\/p>\n<p><b><span data-contrast=\"auto\">COMIT\u00ca JOVEM 2024<\/span><\/b><span data-ccp-props=\"{&quot;201341983&quot;:0,&quot;335559739&quot;:0,&quot;335559740&quot;:240}\">\u00a0<\/span><\/p>\n<p><span data-ccp-props=\"{&quot;201341983&quot;:0,&quot;335559739&quot;:0,&quot;335559740&quot;:240}\">\u00a0<\/span><b><span data-contrast=\"auto\">Encerramento das inscri\u00e7\u00f5es: <\/span><\/b><span data-contrast=\"auto\">01 de mar\u00e7o<\/span><span data-ccp-props=\"{&quot;201341983&quot;:0,&quot;335559739&quot;:0,&quot;335559740&quot;:240}\">\u00a0<\/span><\/p>\n<p><b><span data-contrast=\"auto\">Divulga\u00e7\u00e3o da sele\u00e7\u00e3o dos participantes:<\/span><\/b><span data-contrast=\"auto\"> 19 de abril<\/span><span data-ccp-props=\"{&quot;201341983&quot;:0,&quot;335559739&quot;:0,&quot;335559740&quot;:240}\">\u00a0<\/span><\/p>\n<p><b><span data-contrast=\"auto\">Data-limite para apresenta\u00e7\u00e3o de documenta\u00e7\u00e3o comprobat\u00f3ria:<\/span><\/b><span data-contrast=\"auto\"> 30 de abril<\/span><span data-ccp-props=\"{&quot;201341983&quot;:0,&quot;335559739&quot;:0,&quot;335559740&quot;:240}\">\u00a0<\/span><\/p>\n<p><b><span data-contrast=\"auto\">Vagas: <\/span><\/b><span data-contrast=\"auto\">06 participantes\u00a0<\/span><span data-ccp-props=\"{&quot;201341983&quot;:0,&quot;335559739&quot;:0,&quot;335559740&quot;:240}\">\u00a0<\/span><\/p>\n<p><b><span data-contrast=\"auto\">Formato: <\/span><\/b><span data-contrast=\"auto\">h\u00edbrido, sendo tr\u00eas encontros presenciais e seis atividades remotas.\u00a0<\/span><span data-ccp-props=\"{&quot;201341983&quot;:0,&quot;335559739&quot;:0,&quot;335559740&quot;:240}\">\u00a0<\/span><\/p>\n<p><b><span data-contrast=\"auto\">Bolsa-aux\u00edlio: <\/span><\/b><span data-contrast=\"auto\">R$ 1.250,00 (valor l\u00edquido), a ser pago em cinco parcelas de R$ 250 (duzentos e cinquenta reais) mediante frequ\u00eancia nos encontros.<\/span><span data-ccp-props=\"{&quot;201341983&quot;:0,&quot;335559739&quot;:0,&quot;335559740&quot;:240}\">\u00a0<\/span><\/p>\n<p><span data-contrast=\"auto\">Acesse <\/span><a href=\"https:\/\/www.idbr.org.br\/wp-content\/uploads\/2023\/12\/Edital_Comite_Jovem_2024-.pdf?fbclid=IwAR22TQ5Bd2HH74SQjUggVol-5SvA1tsfa7OkO3gVvhgncMJVltyC8rdEFMU\"><span data-contrast=\"none\">aqui<\/span><\/a><span data-contrast=\"auto\"> o edital<\/span><span data-ccp-props=\"{&quot;201341983&quot;:0,&quot;335559739&quot;:0,&quot;335559740&quot;:240}\">\u00a0<\/span><\/p>\n<p><span data-ccp-props=\"{&quot;201341983&quot;:0,&quot;335559739&quot;:0,&quot;335559740&quot;:240}\">\u00a0<\/span><\/p>\n","protected":false},"excerpt":{"rendered":"<p>O Museu do Futebol est\u00e1 com inscri\u00e7\u00f5es abertas para o Comit\u00ea Jovem 2024.\u00a0S\u00e3o seis vagas para estudantes do Ensino M\u00e9dio, que tenham interesse em contribuir com<span class=\"excerpt-hellip\"> [\u2026]<\/span><\/p>\n","protected":false},"author":25,"featured_media":11197,"comment_status":"closed","ping_status":"closed","sticky":false,"template":"","format":"standard","meta":[],"categories":[1],"tags":[],"acf":[],"yoast_head":"<!-- This site is optimized with the Yoast SEO plugin v20.8 - https:\/\/yoast.com\/wordpress\/plugins\/seo\/ -->\n<title>Inscri\u00e7\u00f5es abertas para o Comit\u00ea Jovem 2024 - Museu do Futebol<\/title>\n<meta name=\"robots\" content=\"index, follow, max-snippet:-1, max-image-preview:large, max-video-preview:-1\" \/>\n<link rel=\"canonical\" href=\"https:\/\/museudofutebol.org.br\/teste\/uncategorized\/inscricoes-abertas-para-o-comite-jovem-2024\/\" \/>\n<meta property=\"og:locale\" content=\"pt_BR\" \/>\n<meta property=\"og:type\" content=\"article\" \/>\n<meta property=\"og:title\" content=\"Inscri\u00e7\u00f5es abertas para o Comit\u00ea Jovem 2024 - Museu do Futebol\" \/>\n<meta property=\"og:description\" content=\"O Museu do Futebol est\u00e1 com inscri\u00e7\u00f5es abertas para o Comit\u00ea Jovem 2024.\u00a0S\u00e3o seis vagas para estudantes do Ensino M\u00e9dio, que tenham interesse em contribuir com [\u2026]\" \/>\n<meta property=\"og:url\" content=\"https:\/\/museudofutebol.org.br\/teste\/uncategorized\/inscricoes-abertas-para-o-comite-jovem-2024\/\" \/>\n<meta property=\"og:site_name\" content=\"Museu do Futebol\" \/>\n<meta property=\"article:publisher\" content=\"https:\/\/www.facebook.com\/museudofutebol\" \/>\n<meta property=\"article:published_time\" content=\"2024-01-15T20:36:23+00:00\" \/>\n<meta property=\"article:modified_time\" content=\"2024-01-17T16:58:36+00:00\" \/>\n<meta property=\"og:image\" content=\"https:\/\/museudofutebol.org.br\/teste\/wp-content\/uploads\/2024\/01\/Site_CJ_2024-2.png\" \/>\n\t<meta property=\"og:image:width\" content=\"650\" \/>\n\t<meta property=\"og:image:height\" content=\"427\" \/>\n\t<meta property=\"og:image:type\" content=\"image\/png\" \/>\n<meta name=\"author\" content=\"L\u00edvia Albernaz\" \/>\n<meta name=\"twitter:card\" content=\"summary_large_image\" \/>\n<meta name=\"twitter:creator\" content=\"@museudofutebol\" \/>\n<meta name=\"twitter:site\" content=\"@museudofutebol\" \/>\n<meta name=\"twitter:label1\" content=\"Escrito por\" \/>\n\t<meta name=\"twitter:data1\" content=\"L\u00edvia Albernaz\" \/>\n\t<meta name=\"twitter:label2\" content=\"Est. tempo de leitura\" \/>\n\t<meta name=\"twitter:data2\" content=\"2 minutos\" \/>\n<script type=\"application\/ld+json\" class=\"yoast-schema-graph\">{\"@context\":\"https:\/\/schema.org\",\"@graph\":[{\"@type\":\"WebPage\",\"@id\":\"https:\/\/museudofutebol.org.br\/teste\/uncategorized\/inscricoes-abertas-para-o-comite-jovem-2024\/\",\"url\":\"https:\/\/museudofutebol.org.br\/teste\/uncategorized\/inscricoes-abertas-para-o-comite-jovem-2024\/\",\"name\":\"Inscri\u00e7\u00f5es abertas para o Comit\u00ea Jovem 2024 - Museu do Futebol\",\"isPartOf\":{\"@id\":\"https:\/\/museudofutebol.org.br\/teste\/#website\"},\"datePublished\":\"2024-01-15T20:36:23+00:00\",\"dateModified\":\"2024-01-17T16:58:36+00:00\",\"author\":{\"@id\":\"https:\/\/museudofutebol.org.br\/teste\/#\/schema\/person\/e846ac1d13a709d926ca8dd9efc0f759\"},\"breadcrumb\":{\"@id\":\"https:\/\/museudofutebol.org.br\/teste\/uncategorized\/inscricoes-abertas-para-o-comite-jovem-2024\/#breadcrumb\"},\"inLanguage\":\"pt-BR\",\"potentialAction\":[{\"@type\":\"ReadAction\",\"target\":[\"https:\/\/museudofutebol.org.br\/teste\/uncategorized\/inscricoes-abertas-para-o-comite-jovem-2024\/\"]}]},{\"@type\":\"BreadcrumbList\",\"@id\":\"https:\/\/museudofutebol.org.br\/teste\/uncategorized\/inscricoes-abertas-para-o-comite-jovem-2024\/#breadcrumb\",\"itemListElement\":[{\"@type\":\"ListItem\",\"position\":1,\"name\":\"In\u00edcio\",\"item\":\"https:\/\/museudofutebol.org.br\/teste\/\"},{\"@type\":\"ListItem\",\"position\":2,\"name\":\"Inscri\u00e7\u00f5es abertas para o Comit\u00ea Jovem 2024\"}]},{\"@type\":\"WebSite\",\"@id\":\"https:\/\/museudofutebol.org.br\/teste\/#website\",\"url\":\"https:\/\/museudofutebol.org.br\/teste\/\",\"name\":\"Museu do Futebol\",\"description\":\"\",\"potentialAction\":[{\"@type\":\"SearchAction\",\"target\":{\"@type\":\"EntryPoint\",\"urlTemplate\":\"https:\/\/museudofutebol.org.br\/teste\/?s={search_term_string}\"},\"query-input\":\"required name=search_term_string\"}],\"inLanguage\":\"pt-BR\"},{\"@type\":\"Person\",\"@id\":\"https:\/\/museudofutebol.org.br\/teste\/#\/schema\/person\/e846ac1d13a709d926ca8dd9efc0f759\",\"name\":\"L\u00edvia Albernaz\",\"url\":\"https:\/\/museudofutebol.org.br\/teste\/author\/livia-albernaz\/\"}]}<\/script>\n<!-- \/ Yoast SEO plugin. -->","yoast_head_json":{"title":"Inscri\u00e7\u00f5es abertas para o Comit\u00ea Jovem 2024 - Museu do Futebol","robots":{"index":"index","follow":"follow","max-snippet":"max-snippet:-1","max-image-preview":"max-image-preview:large","max-video-preview":"max-video-preview:-1"},"canonical":"https:\/\/museudofutebol.org.br\/teste\/uncategorized\/inscricoes-abertas-para-o-comite-jovem-2024\/","og_locale":"pt_BR","og_type":"article","og_title":"Inscri\u00e7\u00f5es abertas para o Comit\u00ea Jovem 2024 - Museu do Futebol","og_description":"O Museu do Futebol est\u00e1 com inscri\u00e7\u00f5es abertas para o Comit\u00ea Jovem 2024.\u00a0S\u00e3o seis vagas para estudantes do Ensino M\u00e9dio, que tenham interesse em contribuir com [\u2026]","og_url":"https:\/\/museudofutebol.org.br\/teste\/uncategorized\/inscricoes-abertas-para-o-comite-jovem-2024\/","og_site_name":"Museu do Futebol","article_publisher":"https:\/\/www.facebook.com\/museudofutebol","article_published_time":"2024-01-15T20:36:23+00:00","article_modified_time":"2024-01-17T16:58:36+00:00","og_image":[{"width":650,"height":427,"url":"https:\/\/museudofutebol.org.br\/teste\/wp-content\/uploads\/2024\/01\/Site_CJ_2024-2.png","type":"image\/png"}],"author":"L\u00edvia Albernaz","twitter_card":"summary_large_image","twitter_creator":"@museudofutebol","twitter_site":"@museudofutebol","twitter_misc":{"Escrito por":"L\u00edvia Albernaz","Est. tempo de leitura":"2 minutos"},"schema":{"@context":"https:\/\/schema.org","@graph":[{"@type":"WebPage","@id":"https:\/\/museudofutebol.org.br\/teste\/uncategorized\/inscricoes-abertas-para-o-comite-jovem-2024\/","url":"https:\/\/museudofutebol.org.br\/teste\/uncategorized\/inscricoes-abertas-para-o-comite-jovem-2024\/","name":"Inscri\u00e7\u00f5es abertas para o Comit\u00ea Jovem 2024 - Museu do Futebol","isPartOf":{"@id":"https:\/\/museudofutebol.org.br\/teste\/#website"},"datePublished":"2024-01-15T20:36:23+00:00","dateModified":"2024-01-17T16:58:36+00:00","author":{"@id":"https:\/\/museudofutebol.org.br\/teste\/#\/schema\/person\/e846ac1d13a709d926ca8dd9efc0f759"},"breadcrumb":{"@id":"https:\/\/museudofutebol.org.br\/teste\/uncategorized\/inscricoes-abertas-para-o-comite-jovem-2024\/#breadcrumb"},"inLanguage":"pt-BR","potentialAction":[{"@type":"ReadAction","target":["https:\/\/museudofutebol.org.br\/teste\/uncategorized\/inscricoes-abertas-para-o-comite-jovem-2024\/"]}]},{"@type":"BreadcrumbList","@id":"https:\/\/museudofutebol.org.br\/teste\/uncategorized\/inscricoes-abertas-para-o-comite-jovem-2024\/#breadcrumb","itemListElement":[{"@type":"ListItem","position":1,"name":"In\u00edcio","item":"https:\/\/museudofutebol.org.br\/teste\/"},{"@type":"ListItem","position":2,"name":"Inscri\u00e7\u00f5es abertas para o Comit\u00ea Jovem 2024"}]},{"@type":"WebSite","@id":"https:\/\/museudofutebol.org.br\/teste\/#website","url":"https:\/\/museudofutebol.org.br\/teste\/","name":"Museu do Futebol","description":"","potentialAction":[{"@type":"SearchAction","target":{"@type":"EntryPoint","urlTemplate":"https:\/\/museudofutebol.org.br\/teste\/?s={search_term_string}"},"query-input":"required name=search_term_string"}],"inLanguage":"pt-BR"},{"@type":"Person","@id":"https:\/\/museudofutebol.org.br\/teste\/#\/schema\/person\/e846ac1d13a709d926ca8dd9efc0f759","name":"L\u00edvia Albernaz","url":"https:\/\/museudofutebol.org.br\/teste\/author\/livia-albernaz\/"}]}},"_links":{"self":[{"href":"https:\/\/museudofutebol.org.br\/teste\/wp-json\/wp\/v2\/posts\/11158"}],"collection":[{"href":"https:\/\/museudofutebol.org.br\/teste\/wp-json\/wp\/v2\/posts"}],"about":[{"href":"https:\/\/museudofutebol.org.br\/teste\/wp-json\/wp\/v2\/types\/post"}],"author":[{"embeddable":true,"href":"https:\/\/museudofutebol.org.br\/teste\/wp-json\/wp\/v2\/users\/25"}],"replies":[{"embeddable":true,"href":"https:\/\/museudofutebol.org.br\/teste\/wp-json\/wp\/v2\/comments?post=11158"}],"version-history":[{"count":6,"href":"https:\/\/museudofutebol.org.br\/teste\/wp-json\/wp\/v2\/posts\/11158\/revisions"}],"predecessor-version":[{"id":11166,"href":"https:\/\/museudofutebol.org.br\/teste\/wp-json\/wp\/v2\/posts\/11158\/revisions\/11166"}],"wp:featuredmedia":[{"embeddable":true,"href":"https:\/\/museudofutebol.org.br\/teste\/wp-json\/wp\/v2\/media\/11197"}],"wp:attachment":[{"href":"https:\/\/museudofutebol.org.br\/teste\/wp-json\/wp\/v2\/media?parent=11158"}],"wp:term":[{"taxonomy":"category","embeddable":true,"href":"https:\/\/museudofutebol.org.br\/teste\/wp-json\/wp\/v2\/categories?post=11158"},{"taxonomy":"post_tag","embeddable":true,"href":"https:\/\/museudofutebol.org.br\/teste\/wp-json\/wp\/v2\/tags?post=11158"}],"curies":[{"name":"wp","href":"https:\/\/api.w.org\/{rel}","templated":true}]}}