{"id":12949,"date":"2024-07-29T19:30:34","date_gmt":"2024-07-29T22:30:34","guid":{"rendered":"https:\/\/museudofutebol.org.br\/teste\/?p=12949"},"modified":"2024-09-11T10:17:36","modified_gmt":"2024-09-11T13:17:36","slug":"jogos-paralimpicos-na-wikipedia","status":"publish","type":"post","link":"https:\/\/museudofutebol.org.br\/teste\/uncategorized\/jogos-paralimpicos-na-wikipedia\/","title":{"rendered":"Jogos Paral\u00edmpicos na Wikip\u00e9dia"},"content":{"rendered":"<div class=\"wpb-content-wrapper\"><p>[vc_row][vc_column][vc_single_image image=&#8221;12974&#8243; img_size=&#8221;full&#8221;][vc_column_text]<span data-contrast=\"none\">Logo ap\u00f3s a realiza\u00e7\u00e3o dos Jogos Ol\u00edmpicos de Paris, come\u00e7a outro evento esportivo t\u00e3o grandioso quanto na capital francesa: os Jogos Paral\u00edmpicos, do qual participam atletas com defici\u00eancia de todo o mundo. <span class=\"TextRun SCXW66396899 BCX8\" lang=\"PT-BR\" xml:lang=\"PT-BR\" data-contrast=\"none\"><span class=\"NormalTextRun SCXW66396899 BCX8\">Apesar da import\u00e2ncia esportiva <\/span><span class=\"NormalTextRun SCXW66396899 BCX8\">das <\/span><span class=\"NormalTextRun SpellingErrorV2Themed SCXW66396899 BCX8\">Paralimp\u00edadas<\/span><span class=\"NormalTextRun SCXW66396899 BCX8\">, <\/span><span class=\"NormalTextRun SCXW66396899 BCX8\">n<\/span><span class=\"NormalTextRun SCXW66396899 BCX8\">a Wik<\/span><span class=\"NormalTextRun SCXW66396899 BCX8\">ip\u00e9dia<\/span><span class=\"NormalTextRun SCXW66396899 BCX8\">, por exemplo, h\u00e1 uma grande <\/span><span class=\"NormalTextRun SCXW66396899 BCX8\">disparidade <\/span><span class=\"NormalTextRun SCXW66396899 BCX8\">na quantidade de verbetes relacionados aos atletas ol\u00edmpicos em compara\u00e7\u00e3o com os das modalidades paral\u00edmpicas o <\/span><span class=\"NormalTextRun SCXW66396899 BCX8\">que revela os desafios da inclus\u00e3o de pessoas com defici\u00eancia.<\/span><\/span><span class=\"EOP SCXW66396899 BCX8\" data-ccp-props=\"{&quot;201341983&quot;:0,&quot;335559738&quot;:240,&quot;335559739&quot;:240,&quot;335559740&quot;:276}\">\u00a0<\/span><\/span><span data-ccp-props=\"{&quot;201341983&quot;:0,&quot;335559738&quot;:240,&quot;335559739&quot;:240,&quot;335559740&quot;:276}\">\u00a0<\/span><\/p>\n<p><span data-contrast=\"none\">Para conscientizar sobre essa quest\u00e3o e ajudar a aumentar a visibilidade dos atletas dos Jogos Paral\u00edmpicos, o Museu do Futebol, o Wiki Movimento Brasil e o Comit\u00ea Paral\u00edmpico Brasileiro se uniram para realizar a <\/span><b><span data-contrast=\"none\">Campanha Jogos Paral\u00edmpicos na Wikip\u00e9dia<\/span><\/b><span data-contrast=\"none\">. De 20 de julho a 16 de setembro, os internautas e editores da Wikip\u00e9dia ser\u00e3o estimulados a criar e a editar verbetes com informa\u00e7\u00f5es sobre atletas e as modalidades paral\u00edmpicas, ampliando a exist\u00eancia e a sistematiza\u00e7\u00e3o de dados relevantes na internet sobre o tema. <\/span><span data-ccp-props=\"{&quot;201341983&quot;:0,&quot;335559738&quot;:240,&quot;335559739&quot;:240,&quot;335559740&quot;:276}\">\u00a0<\/span><\/p>\n<p><span data-contrast=\"none\">O per\u00edodo da campanha abarca toda a realiza\u00e7\u00e3o dos Jogos Paral\u00edmpicos, que ocorrem de 28 de agosto a 8 de setembro &#8211; ou seja, os participantes ter\u00e3o muito material para incluir na Wikip\u00e9dia a partir dos resultados e das not\u00edcias e informa\u00e7\u00f5es que forem surgindo durante a competi\u00e7\u00e3o. Para participar, \u00e9 necess\u00e1rio criar uma conta de usu\u00e1rio na Wikip\u00e9dia e se inscrever na campanha. <\/span><\/p>\n<p><span data-contrast=\"none\">Todas as informa\u00e7\u00f5es sobre como participar e a lista de verbetes que podem ser editados ou criados est\u00e3o dispon\u00edveis na p\u00e1gina oficial da campanha, clicando <a href=\"https:\/\/pt.wikipedia.org\/wiki\/Wikip%C3%A9dia:Campanha_Jogos_Paral%C3%ADmpicos_na_Wikip%C3%A9dia\"><strong>aqui<\/strong><\/a>.<\/span><\/p>\n<p><span data-contrast=\"none\">As cinco pessoas que editarem o maior volume de dados no per\u00edodo da campanha v\u00e3o ganhar um kit exclusivo e um par de convites para visitar o Museu do Futebol, que acaba de ser reinaugurado com sua exposi\u00e7\u00e3o principal totalmente renovada \u2013 incluindo conte\u00fados novos sobre modalidades do futebol adaptado e a exibi\u00e7\u00e3o de duas medalhas de ouro conquistadas por Mizael Conrado, <\/span><span data-contrast=\"auto\">atual presidente CPB e bicampe\u00e3o paral\u00edmpico com a Sele\u00e7\u00e3o Brasileira de futebol de cegos.<\/span><span data-ccp-props=\"{&quot;134233117&quot;:true,&quot;134233118&quot;:true,&quot;201341983&quot;:0,&quot;335559739&quot;:160,&quot;335559740&quot;:240}\">\u00a0<\/span><\/p>\n<p>[\/vc_column_text][\/vc_column][\/vc_row]<\/p>\n<\/div>","protected":false},"excerpt":{"rendered":"<p>[vc_row][vc_column][vc_single_image image=&#8221;12974&#8243; img_size=&#8221;full&#8221;][vc_column_text]Logo ap\u00f3s a realiza\u00e7\u00e3o dos Jogos Ol\u00edmpicos de Paris, come\u00e7a outro evento esportivo t\u00e3o grandioso quanto na capital francesa: os Jogos Paral\u00edmpicos, do qual<span class=\"excerpt-hellip\"> [\u2026]<\/span><\/p>\n","protected":false},"author":25,"featured_media":12974,"comment_status":"closed","ping_status":"closed","sticky":false,"template":"","format":"standard","meta":[],"categories":[1],"tags":[],"acf":[],"yoast_head":"<!-- This site is optimized with the Yoast SEO plugin v20.8 - https:\/\/yoast.com\/wordpress\/plugins\/seo\/ -->\n<title>Jogos Paral\u00edmpicos na Wikip\u00e9dia - Museu do Futebol<\/title>\n<meta name=\"robots\" content=\"index, follow, max-snippet:-1, max-image-preview:large, max-video-preview:-1\" \/>\n<link rel=\"canonical\" href=\"https:\/\/museudofutebol.org.br\/teste\/uncategorized\/jogos-paralimpicos-na-wikipedia\/\" \/>\n<meta property=\"og:locale\" content=\"pt_BR\" \/>\n<meta property=\"og:type\" content=\"article\" \/>\n<meta property=\"og:title\" content=\"Jogos Paral\u00edmpicos na Wikip\u00e9dia - Museu do Futebol\" \/>\n<meta property=\"og:description\" content=\"[vc_row][vc_column][vc_single_image image=&#8221;12974&#8243; img_size=&#8221;full&#8221;][vc_column_text]Logo ap\u00f3s a realiza\u00e7\u00e3o dos Jogos Ol\u00edmpicos de Paris, come\u00e7a outro evento esportivo t\u00e3o grandioso quanto na capital francesa: os Jogos Paral\u00edmpicos, do qual [\u2026]\" \/>\n<meta property=\"og:url\" content=\"https:\/\/museudofutebol.org.br\/teste\/uncategorized\/jogos-paralimpicos-na-wikipedia\/\" \/>\n<meta property=\"og:site_name\" content=\"Museu do Futebol\" \/>\n<meta property=\"article:publisher\" content=\"https:\/\/www.facebook.com\/museudofutebol\" \/>\n<meta property=\"article:published_time\" content=\"2024-07-29T22:30:34+00:00\" \/>\n<meta property=\"article:modified_time\" content=\"2024-09-11T13:17:36+00:00\" \/>\n<meta property=\"og:image\" content=\"https:\/\/museudofutebol.org.br\/teste\/wp-content\/uploads\/2024\/07\/JOGOS_PARALIMPICOS_WIKIPEDIA-1.png\" \/>\n\t<meta property=\"og:image:width\" content=\"769\" \/>\n\t<meta property=\"og:image:height\" content=\"513\" \/>\n\t<meta property=\"og:image:type\" content=\"image\/png\" \/>\n<meta name=\"author\" content=\"L\u00edvia Albernaz\" \/>\n<meta name=\"twitter:card\" content=\"summary_large_image\" \/>\n<meta name=\"twitter:creator\" content=\"@museudofutebol\" \/>\n<meta name=\"twitter:site\" content=\"@museudofutebol\" \/>\n<meta name=\"twitter:label1\" content=\"Escrito por\" \/>\n\t<meta name=\"twitter:data1\" content=\"L\u00edvia Albernaz\" \/>\n\t<meta name=\"twitter:label2\" content=\"Est. tempo de leitura\" \/>\n\t<meta name=\"twitter:data2\" content=\"2 minutos\" \/>\n<script type=\"application\/ld+json\" class=\"yoast-schema-graph\">{\"@context\":\"https:\/\/schema.org\",\"@graph\":[{\"@type\":\"WebPage\",\"@id\":\"https:\/\/museudofutebol.org.br\/teste\/uncategorized\/jogos-paralimpicos-na-wikipedia\/\",\"url\":\"https:\/\/museudofutebol.org.br\/teste\/uncategorized\/jogos-paralimpicos-na-wikipedia\/\",\"name\":\"Jogos Paral\u00edmpicos na Wikip\u00e9dia - Museu do Futebol\",\"isPartOf\":{\"@id\":\"https:\/\/museudofutebol.org.br\/teste\/#website\"},\"datePublished\":\"2024-07-29T22:30:34+00:00\",\"dateModified\":\"2024-09-11T13:17:36+00:00\",\"author\":{\"@id\":\"https:\/\/museudofutebol.org.br\/teste\/#\/schema\/person\/e846ac1d13a709d926ca8dd9efc0f759\"},\"breadcrumb\":{\"@id\":\"https:\/\/museudofutebol.org.br\/teste\/uncategorized\/jogos-paralimpicos-na-wikipedia\/#breadcrumb\"},\"inLanguage\":\"pt-BR\",\"potentialAction\":[{\"@type\":\"ReadAction\",\"target\":[\"https:\/\/museudofutebol.org.br\/teste\/uncategorized\/jogos-paralimpicos-na-wikipedia\/\"]}]},{\"@type\":\"BreadcrumbList\",\"@id\":\"https:\/\/museudofutebol.org.br\/teste\/uncategorized\/jogos-paralimpicos-na-wikipedia\/#breadcrumb\",\"itemListElement\":[{\"@type\":\"ListItem\",\"position\":1,\"name\":\"In\u00edcio\",\"item\":\"https:\/\/museudofutebol.org.br\/teste\/\"},{\"@type\":\"ListItem\",\"position\":2,\"name\":\"Jogos Paral\u00edmpicos na Wikip\u00e9dia\"}]},{\"@type\":\"WebSite\",\"@id\":\"https:\/\/museudofutebol.org.br\/teste\/#website\",\"url\":\"https:\/\/museudofutebol.org.br\/teste\/\",\"name\":\"Museu do Futebol\",\"description\":\"\",\"potentialAction\":[{\"@type\":\"SearchAction\",\"target\":{\"@type\":\"EntryPoint\",\"urlTemplate\":\"https:\/\/museudofutebol.org.br\/teste\/?s={search_term_string}\"},\"query-input\":\"required name=search_term_string\"}],\"inLanguage\":\"pt-BR\"},{\"@type\":\"Person\",\"@id\":\"https:\/\/museudofutebol.org.br\/teste\/#\/schema\/person\/e846ac1d13a709d926ca8dd9efc0f759\",\"name\":\"L\u00edvia Albernaz\",\"url\":\"https:\/\/museudofutebol.org.br\/teste\/author\/livia-albernaz\/\"}]}<\/script>\n<!-- \/ Yoast SEO plugin. -->","yoast_head_json":{"title":"Jogos Paral\u00edmpicos na Wikip\u00e9dia - Museu do Futebol","robots":{"index":"index","follow":"follow","max-snippet":"max-snippet:-1","max-image-preview":"max-image-preview:large","max-video-preview":"max-video-preview:-1"},"canonical":"https:\/\/museudofutebol.org.br\/teste\/uncategorized\/jogos-paralimpicos-na-wikipedia\/","og_locale":"pt_BR","og_type":"article","og_title":"Jogos Paral\u00edmpicos na Wikip\u00e9dia - Museu do Futebol","og_description":"[vc_row][vc_column][vc_single_image image=&#8221;12974&#8243; img_size=&#8221;full&#8221;][vc_column_text]Logo ap\u00f3s a realiza\u00e7\u00e3o dos Jogos Ol\u00edmpicos de Paris, come\u00e7a outro evento esportivo t\u00e3o grandioso quanto na capital francesa: os Jogos Paral\u00edmpicos, do qual [\u2026]","og_url":"https:\/\/museudofutebol.org.br\/teste\/uncategorized\/jogos-paralimpicos-na-wikipedia\/","og_site_name":"Museu do Futebol","article_publisher":"https:\/\/www.facebook.com\/museudofutebol","article_published_time":"2024-07-29T22:30:34+00:00","article_modified_time":"2024-09-11T13:17:36+00:00","og_image":[{"width":769,"height":513,"url":"https:\/\/museudofutebol.org.br\/teste\/wp-content\/uploads\/2024\/07\/JOGOS_PARALIMPICOS_WIKIPEDIA-1.png","type":"image\/png"}],"author":"L\u00edvia Albernaz","twitter_card":"summary_large_image","twitter_creator":"@museudofutebol","twitter_site":"@museudofutebol","twitter_misc":{"Escrito por":"L\u00edvia Albernaz","Est. tempo de leitura":"2 minutos"},"schema":{"@context":"https:\/\/schema.org","@graph":[{"@type":"WebPage","@id":"https:\/\/museudofutebol.org.br\/teste\/uncategorized\/jogos-paralimpicos-na-wikipedia\/","url":"https:\/\/museudofutebol.org.br\/teste\/uncategorized\/jogos-paralimpicos-na-wikipedia\/","name":"Jogos Paral\u00edmpicos na Wikip\u00e9dia - Museu do Futebol","isPartOf":{"@id":"https:\/\/museudofutebol.org.br\/teste\/#website"},"datePublished":"2024-07-29T22:30:34+00:00","dateModified":"2024-09-11T13:17:36+00:00","author":{"@id":"https:\/\/museudofutebol.org.br\/teste\/#\/schema\/person\/e846ac1d13a709d926ca8dd9efc0f759"},"breadcrumb":{"@id":"https:\/\/museudofutebol.org.br\/teste\/uncategorized\/jogos-paralimpicos-na-wikipedia\/#breadcrumb"},"inLanguage":"pt-BR","potentialAction":[{"@type":"ReadAction","target":["https:\/\/museudofutebol.org.br\/teste\/uncategorized\/jogos-paralimpicos-na-wikipedia\/"]}]},{"@type":"BreadcrumbList","@id":"https:\/\/museudofutebol.org.br\/teste\/uncategorized\/jogos-paralimpicos-na-wikipedia\/#breadcrumb","itemListElement":[{"@type":"ListItem","position":1,"name":"In\u00edcio","item":"https:\/\/museudofutebol.org.br\/teste\/"},{"@type":"ListItem","position":2,"name":"Jogos Paral\u00edmpicos na Wikip\u00e9dia"}]},{"@type":"WebSite","@id":"https:\/\/museudofutebol.org.br\/teste\/#website","url":"https:\/\/museudofutebol.org.br\/teste\/","name":"Museu do Futebol","description":"","potentialAction":[{"@type":"SearchAction","target":{"@type":"EntryPoint","urlTemplate":"https:\/\/museudofutebol.org.br\/teste\/?s={search_term_string}"},"query-input":"required name=search_term_string"}],"inLanguage":"pt-BR"},{"@type":"Person","@id":"https:\/\/museudofutebol.org.br\/teste\/#\/schema\/person\/e846ac1d13a709d926ca8dd9efc0f759","name":"L\u00edvia Albernaz","url":"https:\/\/museudofutebol.org.br\/teste\/author\/livia-albernaz\/"}]}},"_links":{"self":[{"href":"https:\/\/museudofutebol.org.br\/teste\/wp-json\/wp\/v2\/posts\/12949"}],"collection":[{"href":"https:\/\/museudofutebol.org.br\/teste\/wp-json\/wp\/v2\/posts"}],"about":[{"href":"https:\/\/museudofutebol.org.br\/teste\/wp-json\/wp\/v2\/types\/post"}],"author":[{"embeddable":true,"href":"https:\/\/museudofutebol.org.br\/teste\/wp-json\/wp\/v2\/users\/25"}],"replies":[{"embeddable":true,"href":"https:\/\/museudofutebol.org.br\/teste\/wp-json\/wp\/v2\/comments?post=12949"}],"version-history":[{"count":4,"href":"https:\/\/museudofutebol.org.br\/teste\/wp-json\/wp\/v2\/posts\/12949\/revisions"}],"predecessor-version":[{"id":13551,"href":"https:\/\/museudofutebol.org.br\/teste\/wp-json\/wp\/v2\/posts\/12949\/revisions\/13551"}],"wp:featuredmedia":[{"embeddable":true,"href":"https:\/\/museudofutebol.org.br\/teste\/wp-json\/wp\/v2\/media\/12974"}],"wp:attachment":[{"href":"https:\/\/museudofutebol.org.br\/teste\/wp-json\/wp\/v2\/media?parent=12949"}],"wp:term":[{"taxonomy":"category","embeddable":true,"href":"https:\/\/museudofutebol.org.br\/teste\/wp-json\/wp\/v2\/categories?post=12949"},{"taxonomy":"post_tag","embeddable":true,"href":"https:\/\/museudofutebol.org.br\/teste\/wp-json\/wp\/v2\/tags?post=12949"}],"curies":[{"name":"wp","href":"https:\/\/api.w.org\/{rel}","templated":true}]}}