{"id":13416,"date":"2024-08-30T12:01:08","date_gmt":"2024-08-30T15:01:08","guid":{"rendered":"https:\/\/museudofutebol.org.br\/teste\/?p=13416"},"modified":"2024-08-30T12:11:40","modified_gmt":"2024-08-30T15:11:40","slug":"resultado-edital-jovens-pesquisadores-e-pesquisadoras","status":"publish","type":"post","link":"https:\/\/museudofutebol.org.br\/teste\/uncategorized\/resultado-edital-jovens-pesquisadores-e-pesquisadoras\/","title":{"rendered":"RESULTADO! Edital Jovens Pesquisadores e Pesquisadoras"},"content":{"rendered":"<div class=\"wpb-content-wrapper\"><p>[vc_row][vc_column][vc_single_image image=&#8221;12973&#8243; img_size=&#8221;full&#8221;][vc_column_text]Ap\u00f3s a an\u00e1lise das candidaturas de quase 70 pessoas, o Museu do Futebol anuncia a sele\u00e7\u00e3o de <strong>Evandro Lima dos Santos<\/strong> e <strong>Beatriz Calheta Silva <\/strong>no Edital para Jovens Pesquisadoras e Pesquisadores. Eles v\u00e3o atuar junto ao museu durante oito meses, com bolsa de R$ 2.100,00, desenvolvendo estudos relacionados ao eixo de pesquisa <strong>Territ\u00f3rios do Futebol.<\/strong><\/p>\n<p><span data-contrast=\"auto\">A expectativa \u00e9 que os conte\u00fados gerados pelas pessoas selecionadas possam complementar este material o material que vem sendo levantado pelo <a href=\"https:\/\/museudofutebol.org.br\/teste\/acervo\/\">Centro de Refer\u00eancia do Futebol Brasileiro<\/a> desde 2011, quando come\u00e7aram as pesquisas sobre o futebol na v\u00e1rzea paulistana. Os pesquisadores ir\u00e3o tamb\u00e9m participar da proposi\u00e7\u00e3o de a\u00e7\u00f5es a serem promovidas por distintos n\u00facleos do Museu do Futebol.\u202f<\/span><span data-ccp-props=\"{&quot;201341983&quot;:0,&quot;335551550&quot;:6,&quot;335551620&quot;:6,&quot;335559739&quot;:160,&quot;335559740&quot;:259}\">\u00a0<\/span><\/p>\n<p><span data-contrast=\"auto\">Como contrapartida \u00e0s bolsas, as pessoas selecionadas ter\u00e3o o compromisso em redigir artigos sobre a pesquisa, participar em congresso da \u00e1rea, colaborar com eventos do museu e utilizar as fontes do Centro de Refer\u00eancia do Futebol Brasileiro (CRFB) em seus trabalhos.\u202f\u202f\u202f<\/span><span data-ccp-props=\"{&quot;201341983&quot;:0,&quot;335551550&quot;:6,&quot;335551620&quot;:6,&quot;335559739&quot;:160,&quot;335559740&quot;:259}\">\u00a0<\/span><\/p>\n<p>Confira o <a href=\"https:\/\/www.idbr.org.br\/edital-de-selecao-de-jovens-pesquisadoresas-2024\/\">documento oficial do resultado<\/a>.[\/vc_column_text][\/vc_column][\/vc_row]<\/p>\n<\/div>","protected":false},"excerpt":{"rendered":"<p>[vc_row][vc_column][vc_single_image image=&#8221;12973&#8243; img_size=&#8221;full&#8221;][vc_column_text]Ap\u00f3s a an\u00e1lise das candidaturas de quase 70 pessoas, o Museu do Futebol anuncia a sele\u00e7\u00e3o de Evandro Lima dos Santos e Beatriz Calheta<span class=\"excerpt-hellip\"> [\u2026]<\/span><\/p>\n","protected":false},"author":13,"featured_media":12474,"comment_status":"closed","ping_status":"closed","sticky":false,"template":"","format":"standard","meta":[],"categories":[1],"tags":[],"acf":[],"yoast_head":"<!-- This site is optimized with the Yoast SEO plugin v20.8 - https:\/\/yoast.com\/wordpress\/plugins\/seo\/ -->\n<title>RESULTADO! Edital Jovens Pesquisadores e Pesquisadoras - Museu do Futebol<\/title>\n<meta name=\"robots\" content=\"index, follow, max-snippet:-1, max-image-preview:large, max-video-preview:-1\" \/>\n<link rel=\"canonical\" href=\"https:\/\/museudofutebol.org.br\/teste\/uncategorized\/resultado-edital-jovens-pesquisadores-e-pesquisadoras\/\" \/>\n<meta property=\"og:locale\" content=\"pt_BR\" \/>\n<meta property=\"og:type\" content=\"article\" \/>\n<meta property=\"og:title\" content=\"RESULTADO! Edital Jovens Pesquisadores e Pesquisadoras - Museu do Futebol\" \/>\n<meta property=\"og:description\" content=\"[vc_row][vc_column][vc_single_image image=&#8221;12973&#8243; img_size=&#8221;full&#8221;][vc_column_text]Ap\u00f3s a an\u00e1lise das candidaturas de quase 70 pessoas, o Museu do Futebol anuncia a sele\u00e7\u00e3o de Evandro Lima dos Santos e Beatriz Calheta [\u2026]\" \/>\n<meta property=\"og:url\" content=\"https:\/\/museudofutebol.org.br\/teste\/uncategorized\/resultado-edital-jovens-pesquisadores-e-pesquisadoras\/\" \/>\n<meta property=\"og:site_name\" content=\"Museu do Futebol\" \/>\n<meta property=\"article:publisher\" content=\"https:\/\/www.facebook.com\/museudofutebol\" \/>\n<meta property=\"article:published_time\" content=\"2024-08-30T15:01:08+00:00\" \/>\n<meta property=\"article:modified_time\" content=\"2024-08-30T15:11:40+00:00\" \/>\n<meta property=\"og:image\" content=\"https:\/\/museudofutebol.org.br\/teste\/wp-content\/uploads\/2024\/06\/Museu-do-Futebol_Miguel-Schincariol_.jpg\" \/>\n\t<meta property=\"og:image:width\" content=\"2560\" \/>\n\t<meta property=\"og:image:height\" content=\"1707\" \/>\n\t<meta property=\"og:image:type\" content=\"image\/jpeg\" \/>\n<meta name=\"author\" content=\"Renata Beltr\u00e3o\" \/>\n<meta name=\"twitter:card\" content=\"summary_large_image\" \/>\n<meta name=\"twitter:creator\" content=\"@museudofutebol\" \/>\n<meta name=\"twitter:site\" content=\"@museudofutebol\" \/>\n<meta name=\"twitter:label1\" content=\"Escrito por\" \/>\n\t<meta name=\"twitter:data1\" content=\"Renata Beltr\u00e3o\" \/>\n\t<meta name=\"twitter:label2\" content=\"Est. tempo de leitura\" \/>\n\t<meta name=\"twitter:data2\" content=\"1 minuto\" \/>\n<script type=\"application\/ld+json\" class=\"yoast-schema-graph\">{\"@context\":\"https:\/\/schema.org\",\"@graph\":[{\"@type\":\"WebPage\",\"@id\":\"https:\/\/museudofutebol.org.br\/teste\/uncategorized\/resultado-edital-jovens-pesquisadores-e-pesquisadoras\/\",\"url\":\"https:\/\/museudofutebol.org.br\/teste\/uncategorized\/resultado-edital-jovens-pesquisadores-e-pesquisadoras\/\",\"name\":\"RESULTADO! Edital Jovens Pesquisadores e Pesquisadoras - Museu do Futebol\",\"isPartOf\":{\"@id\":\"https:\/\/museudofutebol.org.br\/teste\/#website\"},\"datePublished\":\"2024-08-30T15:01:08+00:00\",\"dateModified\":\"2024-08-30T15:11:40+00:00\",\"author\":{\"@id\":\"https:\/\/museudofutebol.org.br\/teste\/#\/schema\/person\/c9b1bd07512d321f83b25c0780427051\"},\"breadcrumb\":{\"@id\":\"https:\/\/museudofutebol.org.br\/teste\/uncategorized\/resultado-edital-jovens-pesquisadores-e-pesquisadoras\/#breadcrumb\"},\"inLanguage\":\"pt-BR\",\"potentialAction\":[{\"@type\":\"ReadAction\",\"target\":[\"https:\/\/museudofutebol.org.br\/teste\/uncategorized\/resultado-edital-jovens-pesquisadores-e-pesquisadoras\/\"]}]},{\"@type\":\"BreadcrumbList\",\"@id\":\"https:\/\/museudofutebol.org.br\/teste\/uncategorized\/resultado-edital-jovens-pesquisadores-e-pesquisadoras\/#breadcrumb\",\"itemListElement\":[{\"@type\":\"ListItem\",\"position\":1,\"name\":\"In\u00edcio\",\"item\":\"https:\/\/museudofutebol.org.br\/teste\/\"},{\"@type\":\"ListItem\",\"position\":2,\"name\":\"RESULTADO! Edital Jovens Pesquisadores e Pesquisadoras\"}]},{\"@type\":\"WebSite\",\"@id\":\"https:\/\/museudofutebol.org.br\/teste\/#website\",\"url\":\"https:\/\/museudofutebol.org.br\/teste\/\",\"name\":\"Museu do Futebol\",\"description\":\"\",\"potentialAction\":[{\"@type\":\"SearchAction\",\"target\":{\"@type\":\"EntryPoint\",\"urlTemplate\":\"https:\/\/museudofutebol.org.br\/teste\/?s={search_term_string}\"},\"query-input\":\"required name=search_term_string\"}],\"inLanguage\":\"pt-BR\"},{\"@type\":\"Person\",\"@id\":\"https:\/\/museudofutebol.org.br\/teste\/#\/schema\/person\/c9b1bd07512d321f83b25c0780427051\",\"name\":\"Renata Beltr\u00e3o\",\"url\":\"https:\/\/museudofutebol.org.br\/teste\/author\/renata-beltrao\/\"}]}<\/script>\n<!-- \/ Yoast SEO plugin. -->","yoast_head_json":{"title":"RESULTADO! Edital Jovens Pesquisadores e Pesquisadoras - Museu do Futebol","robots":{"index":"index","follow":"follow","max-snippet":"max-snippet:-1","max-image-preview":"max-image-preview:large","max-video-preview":"max-video-preview:-1"},"canonical":"https:\/\/museudofutebol.org.br\/teste\/uncategorized\/resultado-edital-jovens-pesquisadores-e-pesquisadoras\/","og_locale":"pt_BR","og_type":"article","og_title":"RESULTADO! Edital Jovens Pesquisadores e Pesquisadoras - Museu do Futebol","og_description":"[vc_row][vc_column][vc_single_image image=&#8221;12973&#8243; img_size=&#8221;full&#8221;][vc_column_text]Ap\u00f3s a an\u00e1lise das candidaturas de quase 70 pessoas, o Museu do Futebol anuncia a sele\u00e7\u00e3o de Evandro Lima dos Santos e Beatriz Calheta [\u2026]","og_url":"https:\/\/museudofutebol.org.br\/teste\/uncategorized\/resultado-edital-jovens-pesquisadores-e-pesquisadoras\/","og_site_name":"Museu do Futebol","article_publisher":"https:\/\/www.facebook.com\/museudofutebol","article_published_time":"2024-08-30T15:01:08+00:00","article_modified_time":"2024-08-30T15:11:40+00:00","og_image":[{"width":2560,"height":1707,"url":"https:\/\/museudofutebol.org.br\/teste\/wp-content\/uploads\/2024\/06\/Museu-do-Futebol_Miguel-Schincariol_.jpg","type":"image\/jpeg"}],"author":"Renata Beltr\u00e3o","twitter_card":"summary_large_image","twitter_creator":"@museudofutebol","twitter_site":"@museudofutebol","twitter_misc":{"Escrito por":"Renata Beltr\u00e3o","Est. tempo de leitura":"1 minuto"},"schema":{"@context":"https:\/\/schema.org","@graph":[{"@type":"WebPage","@id":"https:\/\/museudofutebol.org.br\/teste\/uncategorized\/resultado-edital-jovens-pesquisadores-e-pesquisadoras\/","url":"https:\/\/museudofutebol.org.br\/teste\/uncategorized\/resultado-edital-jovens-pesquisadores-e-pesquisadoras\/","name":"RESULTADO! Edital Jovens Pesquisadores e Pesquisadoras - Museu do Futebol","isPartOf":{"@id":"https:\/\/museudofutebol.org.br\/teste\/#website"},"datePublished":"2024-08-30T15:01:08+00:00","dateModified":"2024-08-30T15:11:40+00:00","author":{"@id":"https:\/\/museudofutebol.org.br\/teste\/#\/schema\/person\/c9b1bd07512d321f83b25c0780427051"},"breadcrumb":{"@id":"https:\/\/museudofutebol.org.br\/teste\/uncategorized\/resultado-edital-jovens-pesquisadores-e-pesquisadoras\/#breadcrumb"},"inLanguage":"pt-BR","potentialAction":[{"@type":"ReadAction","target":["https:\/\/museudofutebol.org.br\/teste\/uncategorized\/resultado-edital-jovens-pesquisadores-e-pesquisadoras\/"]}]},{"@type":"BreadcrumbList","@id":"https:\/\/museudofutebol.org.br\/teste\/uncategorized\/resultado-edital-jovens-pesquisadores-e-pesquisadoras\/#breadcrumb","itemListElement":[{"@type":"ListItem","position":1,"name":"In\u00edcio","item":"https:\/\/museudofutebol.org.br\/teste\/"},{"@type":"ListItem","position":2,"name":"RESULTADO! Edital Jovens Pesquisadores e Pesquisadoras"}]},{"@type":"WebSite","@id":"https:\/\/museudofutebol.org.br\/teste\/#website","url":"https:\/\/museudofutebol.org.br\/teste\/","name":"Museu do Futebol","description":"","potentialAction":[{"@type":"SearchAction","target":{"@type":"EntryPoint","urlTemplate":"https:\/\/museudofutebol.org.br\/teste\/?s={search_term_string}"},"query-input":"required name=search_term_string"}],"inLanguage":"pt-BR"},{"@type":"Person","@id":"https:\/\/museudofutebol.org.br\/teste\/#\/schema\/person\/c9b1bd07512d321f83b25c0780427051","name":"Renata Beltr\u00e3o","url":"https:\/\/museudofutebol.org.br\/teste\/author\/renata-beltrao\/"}]}},"_links":{"self":[{"href":"https:\/\/museudofutebol.org.br\/teste\/wp-json\/wp\/v2\/posts\/13416"}],"collection":[{"href":"https:\/\/museudofutebol.org.br\/teste\/wp-json\/wp\/v2\/posts"}],"about":[{"href":"https:\/\/museudofutebol.org.br\/teste\/wp-json\/wp\/v2\/types\/post"}],"author":[{"embeddable":true,"href":"https:\/\/museudofutebol.org.br\/teste\/wp-json\/wp\/v2\/users\/13"}],"replies":[{"embeddable":true,"href":"https:\/\/museudofutebol.org.br\/teste\/wp-json\/wp\/v2\/comments?post=13416"}],"version-history":[{"count":2,"href":"https:\/\/museudofutebol.org.br\/teste\/wp-json\/wp\/v2\/posts\/13416\/revisions"}],"predecessor-version":[{"id":13420,"href":"https:\/\/museudofutebol.org.br\/teste\/wp-json\/wp\/v2\/posts\/13416\/revisions\/13420"}],"wp:featuredmedia":[{"embeddable":true,"href":"https:\/\/museudofutebol.org.br\/teste\/wp-json\/wp\/v2\/media\/12474"}],"wp:attachment":[{"href":"https:\/\/museudofutebol.org.br\/teste\/wp-json\/wp\/v2\/media?parent=13416"}],"wp:term":[{"taxonomy":"category","embeddable":true,"href":"https:\/\/museudofutebol.org.br\/teste\/wp-json\/wp\/v2\/categories?post=13416"},{"taxonomy":"post_tag","embeddable":true,"href":"https:\/\/museudofutebol.org.br\/teste\/wp-json\/wp\/v2\/tags?post=13416"}],"curies":[{"name":"wp","href":"https:\/\/api.w.org\/{rel}","templated":true}]}}