{"id":13421,"date":"2024-08-30T17:07:37","date_gmt":"2024-08-30T20:07:37","guid":{"rendered":"https:\/\/museudofutebol.org.br\/teste\/?p=13421"},"modified":"2024-08-30T17:15:59","modified_gmt":"2024-08-30T20:15:59","slug":"concurso-de-fotografia-do-museu-do-futebol-2024","status":"publish","type":"post","link":"https:\/\/museudofutebol.org.br\/teste\/uncategorized\/concurso-de-fotografia-do-museu-do-futebol-2024\/","title":{"rendered":"Concurso de Fotografia do Museu do Futebol &#8211; 2024"},"content":{"rendered":"<div class=\"wpb-content-wrapper\"><p>[vc_row][vc_column][vc_single_image image=&#8221;10905&#8243; img_size=&#8221;full&#8221; add_caption=&#8221;yes&#8221;][vc_column_text]<\/p>\n<div>Pouco importa se o campo \u00e9 gramado, cimentado ou de terra batida. O que vale \u00e9 estabelecer onde fica o gol e o lado de cada time. O futebol amador, tamb\u00e9m conhecido como v\u00e1rzea, rach\u00e3o, racha ou pelada ser\u00e1 o tema do\u00a0<b>Concurso de Fotografia do Museu do Futebol 2024<\/b>. As inscri\u00e7\u00f5es ficam abertas de 2 a 30 de setembro, com participa\u00e7\u00e3o gratuita. O formul\u00e1rio e o edital podem ser acessados clicando <u><a id=\"OWAa8b562a6-41af-6272-0e74-c77efb2ca846\" class=\"x_OWAAutoLink\" href=\"https:\/\/www.idbr.org.br\/edital-de-concurso-de-fotografia-2024\/\" target=\"_blank\" rel=\"noopener noreferrer\" data-auth=\"NotApplicable\" data-linkindex=\"0\">aqui<\/a><\/u>.<\/div>\n<div aria-hidden=\"true\"><\/div>\n<div>O concurso \u00e9 aberto para fot\u00f3grafos profissionais ou amadores, residentes no Brasil. Podem se inscrever pessoas de qualquer idade, inclusive menores de 18 anos, desde que com a anu\u00eancia de um respons\u00e1vel legal. Todos concorrem na mesma categoria e os 20 primeiros colocados receber\u00e3o pr\u00eamios em dinheiro, entre R$ 500,00 e R$ 2 mil.<\/div>\n<div aria-hidden=\"true\"><\/div>\n<div>Os participantes devem encaminhar apenas imagens do futebol de v\u00e1rzea, seja ele protagonizado por mulheres, homens ou crian\u00e7as. Vale tamb\u00e9m o futebol adaptado e outras formas de manifesta\u00e7\u00e3o do jogo em campos perif\u00e9ricos, urbanos, rurais ou em meio a florestas. As fotografias devem ser realizadas em territ\u00f3rio nacional.<\/div>\n<div aria-hidden=\"true\"><\/div>\n<div>As imagens n\u00e3o precisam ser in\u00e9ditas, mas de autoria de um \u00fanico fot\u00f3grafo. Os jurados v\u00e3o selecionar os vencedores a partir de crit\u00e9rios como originalidade, qualidade t\u00e9cnica, abordagem do tema, est\u00e9tica e dom\u00ednio da t\u00e9cnica fotogr\u00e1fica.<\/div>\n<div aria-hidden=\"true\"><\/div>\n<div>Com o tema\u00a0<b>A V\u00e1rzea e o Futebol,<\/b>\u00a0a expectativa dos organizadores \u00e9 de que os participantes capturem a paix\u00e3o pelo esporte de maneira genu\u00edna, em diferentes espa\u00e7os, como acontece no dia a dia.<\/div>\n<div><\/div>\n<div><b>Expectativa<\/b><\/div>\n<div>Nesta edi\u00e7\u00e3o do concurso os organizadores esperam superar a marca de inscri\u00e7\u00f5es do ano passado. Em 2023 o Museu do Futebol recebeu 222 fotografias, de 11 estados brasileiros, sob o tema\u00a0<b>Brincar de Futebol.<\/b><\/div>\n<div aria-hidden=\"true\"><\/div>\n<div>As imagens selecionadas refor\u00e7aram a presen\u00e7a do esporte na socializa\u00e7\u00e3o de pessoas de todas as idades, em diferentes contextos geogr\u00e1ficos, um retrato da popularidade do futebol no Brasil.<\/div>\n<div aria-hidden=\"true\"><\/div>\n<div>O fot\u00f3grafo\u00a0<b>Jos\u00e9 Medeiros<\/b>, do Mato Grosso, ficou na primeira coloca\u00e7\u00e3o com a imagem de uma crian\u00e7a ind\u00edgena fazendo um chute de bicicleta no rio.\u00a0\u00a0O segundo lugar foi para Rog\u00e9rio Sousa Silva e o terceiro para Levi Bianco. <a href=\"https:\/\/museudofutebol.org.br\/teste\/resultado-1o-concurso-de-fotografia-do-museu-do-futebol\/\">Confira as fotos vencedoras<\/a>.<\/div>\n<div aria-hidden=\"true\"><\/div>\n<div><\/div>\n<div aria-hidden=\"true\"><\/div>\n<div><\/div>\n<p>[\/vc_column_text][\/vc_column][\/vc_row]<\/p>\n<\/div>","protected":false},"excerpt":{"rendered":"<p>[vc_row][vc_column][vc_single_image image=&#8221;10905&#8243; img_size=&#8221;full&#8221; add_caption=&#8221;yes&#8221;][vc_column_text] Pouco importa se o campo \u00e9 gramado, cimentado ou de terra batida. O que vale \u00e9 estabelecer onde fica o gol e<span class=\"excerpt-hellip\"> [\u2026]<\/span><\/p>\n","protected":false},"author":13,"featured_media":10897,"comment_status":"closed","ping_status":"closed","sticky":false,"template":"","format":"standard","meta":[],"categories":[1],"tags":[],"acf":[],"yoast_head":"<!-- This site is optimized with the Yoast SEO plugin v20.8 - https:\/\/yoast.com\/wordpress\/plugins\/seo\/ -->\n<title>Concurso de Fotografia do Museu do Futebol - 2024 - Museu do Futebol<\/title>\n<meta name=\"robots\" content=\"index, follow, max-snippet:-1, max-image-preview:large, max-video-preview:-1\" \/>\n<link rel=\"canonical\" href=\"https:\/\/museudofutebol.org.br\/teste\/uncategorized\/concurso-de-fotografia-do-museu-do-futebol-2024\/\" \/>\n<meta property=\"og:locale\" content=\"pt_BR\" \/>\n<meta property=\"og:type\" content=\"article\" \/>\n<meta property=\"og:title\" content=\"Concurso de Fotografia do Museu do Futebol - 2024 - Museu do Futebol\" \/>\n<meta property=\"og:description\" content=\"[vc_row][vc_column][vc_single_image image=&#8221;10905&#8243; img_size=&#8221;full&#8221; add_caption=&#8221;yes&#8221;][vc_column_text] Pouco importa se o campo \u00e9 gramado, cimentado ou de terra batida. O que vale \u00e9 estabelecer onde fica o gol e [\u2026]\" \/>\n<meta property=\"og:url\" content=\"https:\/\/museudofutebol.org.br\/teste\/uncategorized\/concurso-de-fotografia-do-museu-do-futebol-2024\/\" \/>\n<meta property=\"og:site_name\" content=\"Museu do Futebol\" \/>\n<meta property=\"article:publisher\" content=\"https:\/\/www.facebook.com\/museudofutebol\" \/>\n<meta property=\"article:published_time\" content=\"2024-08-30T20:07:37+00:00\" \/>\n<meta property=\"article:modified_time\" content=\"2024-08-30T20:15:59+00:00\" \/>\n<meta property=\"og:image\" content=\"https:\/\/museudofutebol.org.br\/teste\/wp-content\/uploads\/2023\/12\/AndersonCoelho.jpg\" \/>\n\t<meta property=\"og:image:width\" content=\"2000\" \/>\n\t<meta property=\"og:image:height\" content=\"1333\" \/>\n\t<meta property=\"og:image:type\" content=\"image\/jpeg\" \/>\n<meta name=\"author\" content=\"Renata Beltr\u00e3o\" \/>\n<meta name=\"twitter:card\" content=\"summary_large_image\" \/>\n<meta name=\"twitter:creator\" content=\"@museudofutebol\" \/>\n<meta name=\"twitter:site\" content=\"@museudofutebol\" \/>\n<meta name=\"twitter:label1\" content=\"Escrito por\" \/>\n\t<meta name=\"twitter:data1\" content=\"Renata Beltr\u00e3o\" \/>\n\t<meta name=\"twitter:label2\" content=\"Est. tempo de leitura\" \/>\n\t<meta name=\"twitter:data2\" content=\"2 minutos\" \/>\n<script type=\"application\/ld+json\" class=\"yoast-schema-graph\">{\"@context\":\"https:\/\/schema.org\",\"@graph\":[{\"@type\":\"WebPage\",\"@id\":\"https:\/\/museudofutebol.org.br\/teste\/uncategorized\/concurso-de-fotografia-do-museu-do-futebol-2024\/\",\"url\":\"https:\/\/museudofutebol.org.br\/teste\/uncategorized\/concurso-de-fotografia-do-museu-do-futebol-2024\/\",\"name\":\"Concurso de Fotografia do Museu do Futebol - 2024 - Museu do Futebol\",\"isPartOf\":{\"@id\":\"https:\/\/museudofutebol.org.br\/teste\/#website\"},\"datePublished\":\"2024-08-30T20:07:37+00:00\",\"dateModified\":\"2024-08-30T20:15:59+00:00\",\"author\":{\"@id\":\"https:\/\/museudofutebol.org.br\/teste\/#\/schema\/person\/c9b1bd07512d321f83b25c0780427051\"},\"breadcrumb\":{\"@id\":\"https:\/\/museudofutebol.org.br\/teste\/uncategorized\/concurso-de-fotografia-do-museu-do-futebol-2024\/#breadcrumb\"},\"inLanguage\":\"pt-BR\",\"potentialAction\":[{\"@type\":\"ReadAction\",\"target\":[\"https:\/\/museudofutebol.org.br\/teste\/uncategorized\/concurso-de-fotografia-do-museu-do-futebol-2024\/\"]}]},{\"@type\":\"BreadcrumbList\",\"@id\":\"https:\/\/museudofutebol.org.br\/teste\/uncategorized\/concurso-de-fotografia-do-museu-do-futebol-2024\/#breadcrumb\",\"itemListElement\":[{\"@type\":\"ListItem\",\"position\":1,\"name\":\"In\u00edcio\",\"item\":\"https:\/\/museudofutebol.org.br\/teste\/\"},{\"@type\":\"ListItem\",\"position\":2,\"name\":\"Concurso de Fotografia do Museu do Futebol &#8211; 2024\"}]},{\"@type\":\"WebSite\",\"@id\":\"https:\/\/museudofutebol.org.br\/teste\/#website\",\"url\":\"https:\/\/museudofutebol.org.br\/teste\/\",\"name\":\"Museu do Futebol\",\"description\":\"\",\"potentialAction\":[{\"@type\":\"SearchAction\",\"target\":{\"@type\":\"EntryPoint\",\"urlTemplate\":\"https:\/\/museudofutebol.org.br\/teste\/?s={search_term_string}\"},\"query-input\":\"required name=search_term_string\"}],\"inLanguage\":\"pt-BR\"},{\"@type\":\"Person\",\"@id\":\"https:\/\/museudofutebol.org.br\/teste\/#\/schema\/person\/c9b1bd07512d321f83b25c0780427051\",\"name\":\"Renata Beltr\u00e3o\",\"url\":\"https:\/\/museudofutebol.org.br\/teste\/author\/renata-beltrao\/\"}]}<\/script>\n<!-- \/ Yoast SEO plugin. -->","yoast_head_json":{"title":"Concurso de Fotografia do Museu do Futebol - 2024 - Museu do Futebol","robots":{"index":"index","follow":"follow","max-snippet":"max-snippet:-1","max-image-preview":"max-image-preview:large","max-video-preview":"max-video-preview:-1"},"canonical":"https:\/\/museudofutebol.org.br\/teste\/uncategorized\/concurso-de-fotografia-do-museu-do-futebol-2024\/","og_locale":"pt_BR","og_type":"article","og_title":"Concurso de Fotografia do Museu do Futebol - 2024 - Museu do Futebol","og_description":"[vc_row][vc_column][vc_single_image image=&#8221;10905&#8243; img_size=&#8221;full&#8221; add_caption=&#8221;yes&#8221;][vc_column_text] Pouco importa se o campo \u00e9 gramado, cimentado ou de terra batida. O que vale \u00e9 estabelecer onde fica o gol e [\u2026]","og_url":"https:\/\/museudofutebol.org.br\/teste\/uncategorized\/concurso-de-fotografia-do-museu-do-futebol-2024\/","og_site_name":"Museu do Futebol","article_publisher":"https:\/\/www.facebook.com\/museudofutebol","article_published_time":"2024-08-30T20:07:37+00:00","article_modified_time":"2024-08-30T20:15:59+00:00","og_image":[{"width":2000,"height":1333,"url":"https:\/\/museudofutebol.org.br\/teste\/wp-content\/uploads\/2023\/12\/AndersonCoelho.jpg","type":"image\/jpeg"}],"author":"Renata Beltr\u00e3o","twitter_card":"summary_large_image","twitter_creator":"@museudofutebol","twitter_site":"@museudofutebol","twitter_misc":{"Escrito por":"Renata Beltr\u00e3o","Est. tempo de leitura":"2 minutos"},"schema":{"@context":"https:\/\/schema.org","@graph":[{"@type":"WebPage","@id":"https:\/\/museudofutebol.org.br\/teste\/uncategorized\/concurso-de-fotografia-do-museu-do-futebol-2024\/","url":"https:\/\/museudofutebol.org.br\/teste\/uncategorized\/concurso-de-fotografia-do-museu-do-futebol-2024\/","name":"Concurso de Fotografia do Museu do Futebol - 2024 - Museu do Futebol","isPartOf":{"@id":"https:\/\/museudofutebol.org.br\/teste\/#website"},"datePublished":"2024-08-30T20:07:37+00:00","dateModified":"2024-08-30T20:15:59+00:00","author":{"@id":"https:\/\/museudofutebol.org.br\/teste\/#\/schema\/person\/c9b1bd07512d321f83b25c0780427051"},"breadcrumb":{"@id":"https:\/\/museudofutebol.org.br\/teste\/uncategorized\/concurso-de-fotografia-do-museu-do-futebol-2024\/#breadcrumb"},"inLanguage":"pt-BR","potentialAction":[{"@type":"ReadAction","target":["https:\/\/museudofutebol.org.br\/teste\/uncategorized\/concurso-de-fotografia-do-museu-do-futebol-2024\/"]}]},{"@type":"BreadcrumbList","@id":"https:\/\/museudofutebol.org.br\/teste\/uncategorized\/concurso-de-fotografia-do-museu-do-futebol-2024\/#breadcrumb","itemListElement":[{"@type":"ListItem","position":1,"name":"In\u00edcio","item":"https:\/\/museudofutebol.org.br\/teste\/"},{"@type":"ListItem","position":2,"name":"Concurso de Fotografia do Museu do Futebol &#8211; 2024"}]},{"@type":"WebSite","@id":"https:\/\/museudofutebol.org.br\/teste\/#website","url":"https:\/\/museudofutebol.org.br\/teste\/","name":"Museu do Futebol","description":"","potentialAction":[{"@type":"SearchAction","target":{"@type":"EntryPoint","urlTemplate":"https:\/\/museudofutebol.org.br\/teste\/?s={search_term_string}"},"query-input":"required name=search_term_string"}],"inLanguage":"pt-BR"},{"@type":"Person","@id":"https:\/\/museudofutebol.org.br\/teste\/#\/schema\/person\/c9b1bd07512d321f83b25c0780427051","name":"Renata Beltr\u00e3o","url":"https:\/\/museudofutebol.org.br\/teste\/author\/renata-beltrao\/"}]}},"_links":{"self":[{"href":"https:\/\/museudofutebol.org.br\/teste\/wp-json\/wp\/v2\/posts\/13421"}],"collection":[{"href":"https:\/\/museudofutebol.org.br\/teste\/wp-json\/wp\/v2\/posts"}],"about":[{"href":"https:\/\/museudofutebol.org.br\/teste\/wp-json\/wp\/v2\/types\/post"}],"author":[{"embeddable":true,"href":"https:\/\/museudofutebol.org.br\/teste\/wp-json\/wp\/v2\/users\/13"}],"replies":[{"embeddable":true,"href":"https:\/\/museudofutebol.org.br\/teste\/wp-json\/wp\/v2\/comments?post=13421"}],"version-history":[{"count":2,"href":"https:\/\/museudofutebol.org.br\/teste\/wp-json\/wp\/v2\/posts\/13421\/revisions"}],"predecessor-version":[{"id":13423,"href":"https:\/\/museudofutebol.org.br\/teste\/wp-json\/wp\/v2\/posts\/13421\/revisions\/13423"}],"wp:featuredmedia":[{"embeddable":true,"href":"https:\/\/museudofutebol.org.br\/teste\/wp-json\/wp\/v2\/media\/10897"}],"wp:attachment":[{"href":"https:\/\/museudofutebol.org.br\/teste\/wp-json\/wp\/v2\/media?parent=13421"}],"wp:term":[{"taxonomy":"category","embeddable":true,"href":"https:\/\/museudofutebol.org.br\/teste\/wp-json\/wp\/v2\/categories?post=13421"},{"taxonomy":"post_tag","embeddable":true,"href":"https:\/\/museudofutebol.org.br\/teste\/wp-json\/wp\/v2\/tags?post=13421"}],"curies":[{"name":"wp","href":"https:\/\/api.w.org\/{rel}","templated":true}]}}