{"id":14524,"date":"2024-12-09T11:57:53","date_gmt":"2024-12-09T14:57:53","guid":{"rendered":"https:\/\/museudofutebol.org.br\/teste\/?p=14524"},"modified":"2024-12-09T11:57:53","modified_gmt":"2024-12-09T14:57:53","slug":"exposicao-futebol-de-brinquedo-recebe-premio-brasileiro-de-design","status":"publish","type":"post","link":"https:\/\/museudofutebol.org.br\/teste\/uncategorized\/exposicao-futebol-de-brinquedo-recebe-premio-brasileiro-de-design\/","title":{"rendered":"Exposi\u00e7\u00e3o Futebol de Brinquedo recebe Pr\u00eamio Brasileiro de Design"},"content":{"rendered":"<div dir=\"ltr\" data-olk-copy-source=\"MessageBody\">A exposi\u00e7\u00e3o <i>Futebol de Brinquedo<\/i>, realizada pelo Museu do Futebol, recebeu a medalha de Prata no 14\u00ba Pr\u00eamio Brasileiro de Design. O trabalho desenvolvido pelo est\u00fadio Radiogr\u00e1fico foi reconhecido na categoria Design de Ambientes &#8211; Instala\u00e7\u00f5es e Exposi\u00e7\u00f5es. A mostra ficou em cartaz entre outubro de 2023 e junho de 2024 na sede do Museu.<\/p>\n<\/div>\n<div dir=\"ltr\">O design criado por Stella Tennenbaum e Camila Nader prop\u00f4s o uso de grafismos modulares coloridos, que podiam ser combinados de maneira l\u00fadica nos v\u00e1rios elementos da exposi\u00e7\u00e3o, como vitrines, pisos, sinaliza\u00e7\u00e3o visual e experi\u00eancias interativas. A proposta dialogava com o recorte tem\u00e1tico da exposi\u00e7\u00e3o &#8211; exibir brinquedos anal\u00f3gicos inspirados no futebol.<\/p>\n<\/div>\n<div dir=\"ltr\">Um dos pontos altos do projeto foi a produ\u00e7\u00e3o de fl\u00e2mulas coloridas com os grafismos, que foram costurados \u00e0s pe\u00e7as, como num trabalho de patchwork.\u00a0Este foi o segundo pr\u00eamio recebido pela exposi\u00e7\u00e3o, que tamb\u00e9m ganhou medalha de prata no Latin American Design.<\/div>\n<div dir=\"ltr\">Voc\u00ea pode conferir a exposi\u00e7\u00e3o neste registro em 3D disponibilizado pelo Museu: <u><a id=\"OWA47a361e5-d12d-7fdb-d719-9c17c4894bed\" class=\"x_Hyperlink x_SCXW255101764 x_BCX0 x_OWAAutoLink\" title=\"https:\/\/cas5-0-urlprotect.trendmicro.com:443\/wis\/clicktime\/v1\/query?url=https%3a%2f%2fmuseudofutebol.org.br\/teste%2fbrinquedovirtual%2f&amp;umid=10080aae-b001-4353-bde4-bc87e01a96de&amp;auth=3049813cef7a98a36fef1c42cc0094ef6eef0434-d07e589d2303e1e2f65ab12811d4b7ae6052976f\" href=\"https:\/\/cas5-0-urlprotect.trendmicro.com\/wis\/clicktime\/v1\/query?url=https%3a%2f%2fmuseudofutebol.org.br\/teste%2fbrinquedovirtual%2f&amp;umid=10080aae-b001-4353-bde4-bc87e01a96de&amp;auth=3049813cef7a98a36fef1c42cc0094ef6eef0434-d07e589d2303e1e2f65ab12811d4b7ae6052976f\" target=\"_blank\" rel=\"noreferrer noopener\" data-auth=\"NotApplicable\" data-linkindex=\"0\">https:\/\/museudofutebol.org.br\/teste\/brinquedovirtual\/<\/a><\/p>\n<p><\/u><\/div>\n<div dir=\"ltr\">Futebol de Brinquedo teve m\u00e1ster do Banco Bmg, patroc\u00ednio da Goodyear, da Rede e da Sabesp; e apoio\u00a0da Cabot \u2013 todos por meio da Lei de Incentivo \u00e0 Cultura \u2013 Lei Rouanet.<\/p>\n<\/div>\n<div dir=\"ltr\">Em 2022, o Museu do Futebol foi reconhecido tamb\u00e9m com a comunica\u00e7\u00e3o visual da exposi\u00e7\u00e3o <i>22 em Campo<\/i>, criada por Kiko Farkas e selecionada pela Bienal Iberoamericana de Design.<\/div>\n<div dir=\"ltr\"><\/div>\n","protected":false},"excerpt":{"rendered":"<p>A exposi\u00e7\u00e3o Futebol de Brinquedo, realizada pelo Museu do Futebol, recebeu a medalha de Prata no 14\u00ba Pr\u00eamio Brasileiro de Design. O trabalho desenvolvido pelo est\u00fadio<span class=\"excerpt-hellip\"> [\u2026]<\/span><\/p>\n","protected":false},"author":25,"featured_media":11685,"comment_status":"closed","ping_status":"closed","sticky":false,"template":"","format":"standard","meta":[],"categories":[1],"tags":[],"acf":[],"yoast_head":"<!-- This site is optimized with the Yoast SEO plugin v20.8 - https:\/\/yoast.com\/wordpress\/plugins\/seo\/ -->\n<title>Exposi\u00e7\u00e3o Futebol de Brinquedo recebe Pr\u00eamio Brasileiro de Design - Museu do Futebol<\/title>\n<meta name=\"robots\" content=\"index, follow, max-snippet:-1, max-image-preview:large, max-video-preview:-1\" \/>\n<link rel=\"canonical\" href=\"https:\/\/museudofutebol.org.br\/teste\/uncategorized\/exposicao-futebol-de-brinquedo-recebe-premio-brasileiro-de-design\/\" \/>\n<meta property=\"og:locale\" content=\"pt_BR\" \/>\n<meta property=\"og:type\" content=\"article\" \/>\n<meta property=\"og:title\" content=\"Exposi\u00e7\u00e3o Futebol de Brinquedo recebe Pr\u00eamio Brasileiro de Design - Museu do Futebol\" \/>\n<meta property=\"og:description\" content=\"A exposi\u00e7\u00e3o Futebol de Brinquedo, realizada pelo Museu do Futebol, recebeu a medalha de Prata no 14\u00ba Pr\u00eamio Brasileiro de Design. O trabalho desenvolvido pelo est\u00fadio [\u2026]\" \/>\n<meta property=\"og:url\" content=\"https:\/\/museudofutebol.org.br\/teste\/uncategorized\/exposicao-futebol-de-brinquedo-recebe-premio-brasileiro-de-design\/\" \/>\n<meta property=\"og:site_name\" content=\"Museu do Futebol\" \/>\n<meta property=\"article:publisher\" content=\"https:\/\/www.facebook.com\/museudofutebol\" \/>\n<meta property=\"article:published_time\" content=\"2024-12-09T14:57:53+00:00\" \/>\n<meta property=\"og:image\" content=\"https:\/\/museudofutebol.org.br\/teste\/wp-content\/uploads\/2024\/02\/FB.jpg\" \/>\n\t<meta property=\"og:image:width\" content=\"1213\" \/>\n\t<meta property=\"og:image:height\" content=\"808\" \/>\n\t<meta property=\"og:image:type\" content=\"image\/jpeg\" \/>\n<meta name=\"author\" content=\"L\u00edvia Albernaz\" \/>\n<meta name=\"twitter:card\" content=\"summary_large_image\" \/>\n<meta name=\"twitter:creator\" content=\"@museudofutebol\" \/>\n<meta name=\"twitter:site\" content=\"@museudofutebol\" \/>\n<meta name=\"twitter:label1\" content=\"Escrito por\" \/>\n\t<meta name=\"twitter:data1\" content=\"L\u00edvia Albernaz\" \/>\n\t<meta name=\"twitter:label2\" content=\"Est. tempo de leitura\" \/>\n\t<meta name=\"twitter:data2\" content=\"2 minutos\" \/>\n<script type=\"application\/ld+json\" class=\"yoast-schema-graph\">{\"@context\":\"https:\/\/schema.org\",\"@graph\":[{\"@type\":\"WebPage\",\"@id\":\"https:\/\/museudofutebol.org.br\/teste\/uncategorized\/exposicao-futebol-de-brinquedo-recebe-premio-brasileiro-de-design\/\",\"url\":\"https:\/\/museudofutebol.org.br\/teste\/uncategorized\/exposicao-futebol-de-brinquedo-recebe-premio-brasileiro-de-design\/\",\"name\":\"Exposi\u00e7\u00e3o Futebol de Brinquedo recebe Pr\u00eamio Brasileiro de Design - Museu do Futebol\",\"isPartOf\":{\"@id\":\"https:\/\/museudofutebol.org.br\/teste\/#website\"},\"datePublished\":\"2024-12-09T14:57:53+00:00\",\"dateModified\":\"2024-12-09T14:57:53+00:00\",\"author\":{\"@id\":\"https:\/\/museudofutebol.org.br\/teste\/#\/schema\/person\/e846ac1d13a709d926ca8dd9efc0f759\"},\"breadcrumb\":{\"@id\":\"https:\/\/museudofutebol.org.br\/teste\/uncategorized\/exposicao-futebol-de-brinquedo-recebe-premio-brasileiro-de-design\/#breadcrumb\"},\"inLanguage\":\"pt-BR\",\"potentialAction\":[{\"@type\":\"ReadAction\",\"target\":[\"https:\/\/museudofutebol.org.br\/teste\/uncategorized\/exposicao-futebol-de-brinquedo-recebe-premio-brasileiro-de-design\/\"]}]},{\"@type\":\"BreadcrumbList\",\"@id\":\"https:\/\/museudofutebol.org.br\/teste\/uncategorized\/exposicao-futebol-de-brinquedo-recebe-premio-brasileiro-de-design\/#breadcrumb\",\"itemListElement\":[{\"@type\":\"ListItem\",\"position\":1,\"name\":\"In\u00edcio\",\"item\":\"https:\/\/museudofutebol.org.br\/teste\/\"},{\"@type\":\"ListItem\",\"position\":2,\"name\":\"Exposi\u00e7\u00e3o Futebol de Brinquedo recebe Pr\u00eamio Brasileiro de Design\"}]},{\"@type\":\"WebSite\",\"@id\":\"https:\/\/museudofutebol.org.br\/teste\/#website\",\"url\":\"https:\/\/museudofutebol.org.br\/teste\/\",\"name\":\"Museu do Futebol\",\"description\":\"\",\"potentialAction\":[{\"@type\":\"SearchAction\",\"target\":{\"@type\":\"EntryPoint\",\"urlTemplate\":\"https:\/\/museudofutebol.org.br\/teste\/?s={search_term_string}\"},\"query-input\":\"required name=search_term_string\"}],\"inLanguage\":\"pt-BR\"},{\"@type\":\"Person\",\"@id\":\"https:\/\/museudofutebol.org.br\/teste\/#\/schema\/person\/e846ac1d13a709d926ca8dd9efc0f759\",\"name\":\"L\u00edvia Albernaz\",\"url\":\"https:\/\/museudofutebol.org.br\/teste\/author\/livia-albernaz\/\"}]}<\/script>\n<!-- \/ Yoast SEO plugin. -->","yoast_head_json":{"title":"Exposi\u00e7\u00e3o Futebol de Brinquedo recebe Pr\u00eamio Brasileiro de Design - Museu do Futebol","robots":{"index":"index","follow":"follow","max-snippet":"max-snippet:-1","max-image-preview":"max-image-preview:large","max-video-preview":"max-video-preview:-1"},"canonical":"https:\/\/museudofutebol.org.br\/teste\/uncategorized\/exposicao-futebol-de-brinquedo-recebe-premio-brasileiro-de-design\/","og_locale":"pt_BR","og_type":"article","og_title":"Exposi\u00e7\u00e3o Futebol de Brinquedo recebe Pr\u00eamio Brasileiro de Design - Museu do Futebol","og_description":"A exposi\u00e7\u00e3o Futebol de Brinquedo, realizada pelo Museu do Futebol, recebeu a medalha de Prata no 14\u00ba Pr\u00eamio Brasileiro de Design. O trabalho desenvolvido pelo est\u00fadio [\u2026]","og_url":"https:\/\/museudofutebol.org.br\/teste\/uncategorized\/exposicao-futebol-de-brinquedo-recebe-premio-brasileiro-de-design\/","og_site_name":"Museu do Futebol","article_publisher":"https:\/\/www.facebook.com\/museudofutebol","article_published_time":"2024-12-09T14:57:53+00:00","og_image":[{"width":1213,"height":808,"url":"https:\/\/museudofutebol.org.br\/teste\/wp-content\/uploads\/2024\/02\/FB.jpg","type":"image\/jpeg"}],"author":"L\u00edvia Albernaz","twitter_card":"summary_large_image","twitter_creator":"@museudofutebol","twitter_site":"@museudofutebol","twitter_misc":{"Escrito por":"L\u00edvia Albernaz","Est. tempo de leitura":"2 minutos"},"schema":{"@context":"https:\/\/schema.org","@graph":[{"@type":"WebPage","@id":"https:\/\/museudofutebol.org.br\/teste\/uncategorized\/exposicao-futebol-de-brinquedo-recebe-premio-brasileiro-de-design\/","url":"https:\/\/museudofutebol.org.br\/teste\/uncategorized\/exposicao-futebol-de-brinquedo-recebe-premio-brasileiro-de-design\/","name":"Exposi\u00e7\u00e3o Futebol de Brinquedo recebe Pr\u00eamio Brasileiro de Design - Museu do Futebol","isPartOf":{"@id":"https:\/\/museudofutebol.org.br\/teste\/#website"},"datePublished":"2024-12-09T14:57:53+00:00","dateModified":"2024-12-09T14:57:53+00:00","author":{"@id":"https:\/\/museudofutebol.org.br\/teste\/#\/schema\/person\/e846ac1d13a709d926ca8dd9efc0f759"},"breadcrumb":{"@id":"https:\/\/museudofutebol.org.br\/teste\/uncategorized\/exposicao-futebol-de-brinquedo-recebe-premio-brasileiro-de-design\/#breadcrumb"},"inLanguage":"pt-BR","potentialAction":[{"@type":"ReadAction","target":["https:\/\/museudofutebol.org.br\/teste\/uncategorized\/exposicao-futebol-de-brinquedo-recebe-premio-brasileiro-de-design\/"]}]},{"@type":"BreadcrumbList","@id":"https:\/\/museudofutebol.org.br\/teste\/uncategorized\/exposicao-futebol-de-brinquedo-recebe-premio-brasileiro-de-design\/#breadcrumb","itemListElement":[{"@type":"ListItem","position":1,"name":"In\u00edcio","item":"https:\/\/museudofutebol.org.br\/teste\/"},{"@type":"ListItem","position":2,"name":"Exposi\u00e7\u00e3o Futebol de Brinquedo recebe Pr\u00eamio Brasileiro de Design"}]},{"@type":"WebSite","@id":"https:\/\/museudofutebol.org.br\/teste\/#website","url":"https:\/\/museudofutebol.org.br\/teste\/","name":"Museu do Futebol","description":"","potentialAction":[{"@type":"SearchAction","target":{"@type":"EntryPoint","urlTemplate":"https:\/\/museudofutebol.org.br\/teste\/?s={search_term_string}"},"query-input":"required name=search_term_string"}],"inLanguage":"pt-BR"},{"@type":"Person","@id":"https:\/\/museudofutebol.org.br\/teste\/#\/schema\/person\/e846ac1d13a709d926ca8dd9efc0f759","name":"L\u00edvia Albernaz","url":"https:\/\/museudofutebol.org.br\/teste\/author\/livia-albernaz\/"}]}},"_links":{"self":[{"href":"https:\/\/museudofutebol.org.br\/teste\/wp-json\/wp\/v2\/posts\/14524"}],"collection":[{"href":"https:\/\/museudofutebol.org.br\/teste\/wp-json\/wp\/v2\/posts"}],"about":[{"href":"https:\/\/museudofutebol.org.br\/teste\/wp-json\/wp\/v2\/types\/post"}],"author":[{"embeddable":true,"href":"https:\/\/museudofutebol.org.br\/teste\/wp-json\/wp\/v2\/users\/25"}],"replies":[{"embeddable":true,"href":"https:\/\/museudofutebol.org.br\/teste\/wp-json\/wp\/v2\/comments?post=14524"}],"version-history":[{"count":3,"href":"https:\/\/museudofutebol.org.br\/teste\/wp-json\/wp\/v2\/posts\/14524\/revisions"}],"predecessor-version":[{"id":14527,"href":"https:\/\/museudofutebol.org.br\/teste\/wp-json\/wp\/v2\/posts\/14524\/revisions\/14527"}],"wp:featuredmedia":[{"embeddable":true,"href":"https:\/\/museudofutebol.org.br\/teste\/wp-json\/wp\/v2\/media\/11685"}],"wp:attachment":[{"href":"https:\/\/museudofutebol.org.br\/teste\/wp-json\/wp\/v2\/media?parent=14524"}],"wp:term":[{"taxonomy":"category","embeddable":true,"href":"https:\/\/museudofutebol.org.br\/teste\/wp-json\/wp\/v2\/categories?post=14524"},{"taxonomy":"post_tag","embeddable":true,"href":"https:\/\/museudofutebol.org.br\/teste\/wp-json\/wp\/v2\/tags?post=14524"}],"curies":[{"name":"wp","href":"https:\/\/api.w.org\/{rel}","templated":true}]}}