{"id":14635,"date":"2024-12-27T11:05:01","date_gmt":"2024-12-27T14:05:01","guid":{"rendered":"https:\/\/museudofutebol.org.br\/teste\/?p=14635"},"modified":"2025-01-20T16:03:45","modified_gmt":"2025-01-20T19:03:45","slug":"ferias-no-museu-do-futebol-tem-programacao-gratuita-e-animam-a-praca-charles-miller","status":"publish","type":"post","link":"https:\/\/museudofutebol.org.br\/teste\/uncategorized\/ferias-no-museu-do-futebol-tem-programacao-gratuita-e-animam-a-praca-charles-miller\/","title":{"rendered":"F\u00e9rias no Museu"},"content":{"rendered":"<p><span data-contrast=\"auto\">O per\u00edodo mais divertido e esperado do ano para crian\u00e7as e adolescentes chegou. E passar f\u00e9rias no <\/span><b><span data-contrast=\"auto\">Museu do Futebol<\/span><\/b><span data-contrast=\"auto\"> \u00e9 o destino certo para quem busca divers\u00e3o sem gastar muito. A programa\u00e7\u00e3o para a garotada vai at\u00e9 o dia 2 de fevereiro com atra\u00e7\u00f5es dos projetos <\/span><b><span data-contrast=\"auto\">Com a Bola Toda,<\/span><\/b><span data-contrast=\"auto\"> dedicado ao p\u00fablico juvenil, e <\/span><b><span data-contrast=\"auto\">F\u00e9rias no Museu,<\/span><\/b><span data-contrast=\"auto\"> para crian\u00e7as e fam\u00edlias.<\/span><\/p>\n<p><span data-contrast=\"auto\">O pontap\u00e9 inicial das f\u00e9rias foi com a segunda edi\u00e7\u00e3o do projeto <\/span><b><span data-contrast=\"auto\">Com a Bola Toda, <\/span><\/b><span data-contrast=\"auto\">com 18 dias ininterruptos de atividades esportivas praticadas com bola, em quatro modalidades, para crian\u00e7as e adolescentes, com acompanhamento de profissionais de educa\u00e7\u00e3o f\u00edsica e estrutura adequada. O projeto disponibiliza quadras e bolas de basquete, futebol, futebol de 5 e voleibol. A ideia \u00e9 estimular a pr\u00e1tica esportiva entre os jovens, mostrando que n\u00e3o s\u00e3o necess\u00e1rios muitos recursos para se divertir.\u00a0<\/span><span data-ccp-props=\"{}\">\u00a0<\/span><\/p>\n<p><span data-contrast=\"none\">As atividades s\u00e3o distribu\u00eddas ao longo do dia e as inscri\u00e7\u00f5es podem ser feitas diretamente com a equipe do projeto, na hora da participa\u00e7\u00e3o. Realizado por meio da Lei Federal de Incentivo ao Esporte \u2013 LIE, o projeto tem patroc\u00ednio do Pinheiro Neto Advogados. O Com a Bola Toda acontece de ter\u00e7a a domingo, das 10h \u00e0s 17h, com atividades at\u00e9 o dia 19 de janeiro.<\/span><span data-ccp-props=\"{}\">\u00a0<\/span><\/p>\n<p><span data-contrast=\"auto\">Para os pequenos, a partir do dia 2 de janeiro, acontece o projeto <\/span><b><span data-contrast=\"auto\">F\u00e9rias no Museu<\/span><\/b><span data-contrast=\"auto\">, que promete ser mais divertido do que nunca. A \u00e1rea externa do Museu do Futebol estar\u00e1 repleta de brincadeiras ao ar livre e atividades culturais e educativas, todas gratuitas, tamb\u00e9m de ter\u00e7a a domingo. Todos os dias, haver\u00e1 obst\u00e1culos de Parkour para crian\u00e7as de 3 a 9 anos e brincadeiras envolvendo futebol. \u00c0s ter\u00e7as-feiras e aos s\u00e1bados, o p\u00fablico poder\u00e1 aproveitar programa\u00e7\u00f5es especiais como teatro, conta\u00e7\u00e3o de hist\u00f3rias e oficinas.<\/span><span data-ccp-props=\"{}\">\u00a0<\/span><\/p>\n<p><b><span data-contrast=\"auto\">Visite as exposi\u00e7\u00f5es<\/span><\/b><br \/>\n<span data-contrast=\"auto\">Al\u00e9m das atividades na \u00e1rea externa do Museu, o p\u00fablico pode fazer uma visita a exposi\u00e7\u00e3o principal, recentemente renovada. O espa\u00e7o est\u00e1 mais diversificado, inclusivo e divertido. Na Sala Jogo de Corpo, o goleiro eletr\u00f4nico ganhou a companhia de muitos outros jogos e desafios com bola. A exposi\u00e7\u00e3o conta com mais recursos de acessibilidade, itens raros e curiosos, v\u00eddeos, fotos e atra\u00e7\u00f5es in\u00e9ditas, promovendo uma imers\u00e3o do in\u00edcio ao fim de muito futebol e hist\u00f3ria.\u202f<\/span><span data-ccp-props=\"{&quot;134233117&quot;:false,&quot;134233118&quot;:false,&quot;201341983&quot;:0,&quot;335551550&quot;:1,&quot;335551620&quot;:1,&quot;335559685&quot;:0,&quot;335559737&quot;:0,&quot;335559738&quot;:0,&quot;335559739&quot;:160,&quot;335559740&quot;:278}\">\u00a0<\/span><\/p>\n<p><span data-contrast=\"auto\">A rec\u00e9m-inaugurada mostra tempor\u00e1ria <\/span><b><span data-contrast=\"auto\">Vozes da V\u00e1rzea<\/span><\/b><span data-contrast=\"auto\"> tamb\u00e9m \u00e9 parada obrigat\u00f3ria para quem passa na institui\u00e7\u00e3o. A pr\u00e1tica esportiva iniciada \u00e0s margens dos rios que cortam a cidade de S\u00e3o Paulo \u00e9 apresentada por meio de imagens, textos, mapas, instala\u00e7\u00f5es audiovisuais e objetos, tornando-se mais uma experi\u00eancia incr\u00edvel de visita\u00e7\u00e3o<\/span><span data-ccp-props=\"{}\">\u00a0<\/span><\/p>\n<p><span data-ccp-props=\"{}\">\u00a0<\/span><\/p>\n<p><b><span data-contrast=\"auto\">Com a Bola Toda<\/span><\/b><span data-ccp-props=\"{&quot;201341983&quot;:0,&quot;335559739&quot;:0,&quot;335559740&quot;:240}\">\u00a0<\/span><\/p>\n<p><span data-contrast=\"auto\">Data: at\u00e9 19 de janeiro (ter\u00e7a a domingo)<\/span><span data-ccp-props=\"{&quot;201341983&quot;:0,&quot;335559739&quot;:0,&quot;335559740&quot;:240}\">\u00a0<\/span><\/p>\n<p><span data-contrast=\"auto\">Hor\u00e1rio: 10h \u00e0s 17h<\/span><span data-ccp-props=\"{&quot;201341983&quot;:0,&quot;335559739&quot;:0,&quot;335559740&quot;:240}\">\u00a0<\/span><\/p>\n<p><span data-contrast=\"auto\">P\u00fablico-alvo: maiores de 9 anos<\/span><span data-ccp-props=\"{&quot;201341983&quot;:0,&quot;335559739&quot;:0,&quot;335559740&quot;:240}\">\u00a0<\/span><\/p>\n<p><span data-contrast=\"auto\">Gratuito<\/span><span data-ccp-props=\"{&quot;201341983&quot;:0,&quot;335559739&quot;:0,&quot;335559740&quot;:240}\">\u00a0<\/span><\/p>\n<p><span data-ccp-props=\"{}\">\u00a0<\/span><\/p>\n<p><b><span data-contrast=\"auto\">F\u00e9rias no Museu<\/span><\/b><span data-ccp-props=\"{&quot;201341983&quot;:0,&quot;335559739&quot;:0,&quot;335559740&quot;:240}\">\u00a0<\/span><\/p>\n<p><span data-contrast=\"auto\">Data: at\u00e9 2 de fevereiro (ter\u00e7a a domingo)<\/span><span data-ccp-props=\"{&quot;201341983&quot;:0,&quot;335559739&quot;:0,&quot;335559740&quot;:240}\">\u00a0<\/span><\/p>\n<p><span data-contrast=\"auto\">Hor\u00e1rio: 10h \u00e0s 17h<\/span><span data-ccp-props=\"{&quot;201341983&quot;:0,&quot;335559739&quot;:0,&quot;335559740&quot;:240}\">\u00a0<\/span><\/p>\n<p><span data-contrast=\"auto\">P\u00fablico-alvo: primeira inf\u00e2ncia<\/span><\/p>\n<p><span data-contrast=\"auto\">Gratuito<\/span><span data-ccp-props=\"{&quot;201341983&quot;:0,&quot;335559739&quot;:0,&quot;335559740&quot;:240}\">\u00a0<\/span><\/p>\n<p><span data-ccp-props=\"{}\">\u00a0<\/span><\/p>\n","protected":false},"excerpt":{"rendered":"<p>O per\u00edodo mais divertido e esperado do ano para crian\u00e7as e adolescentes chegou. E passar f\u00e9rias no Museu do Futebol \u00e9 o destino certo para quem<span class=\"excerpt-hellip\"> [\u2026]<\/span><\/p>\n","protected":false},"author":25,"featured_media":14636,"comment_status":"closed","ping_status":"closed","sticky":false,"template":"","format":"standard","meta":[],"categories":[1],"tags":[],"acf":[],"yoast_head":"<!-- This site is optimized with the Yoast SEO plugin v20.8 - https:\/\/yoast.com\/wordpress\/plugins\/seo\/ -->\n<title>F\u00e9rias no Museu - Museu do Futebol<\/title>\n<meta name=\"robots\" content=\"index, follow, max-snippet:-1, max-image-preview:large, max-video-preview:-1\" \/>\n<link rel=\"canonical\" href=\"https:\/\/museudofutebol.org.br\/teste\/uncategorized\/ferias-no-museu-do-futebol-tem-programacao-gratuita-e-animam-a-praca-charles-miller\/\" \/>\n<meta property=\"og:locale\" content=\"pt_BR\" \/>\n<meta property=\"og:type\" content=\"article\" \/>\n<meta property=\"og:title\" content=\"F\u00e9rias no Museu - Museu do Futebol\" \/>\n<meta property=\"og:description\" content=\"O per\u00edodo mais divertido e esperado do ano para crian\u00e7as e adolescentes chegou. E passar f\u00e9rias no Museu do Futebol \u00e9 o destino certo para quem [\u2026]\" \/>\n<meta property=\"og:url\" content=\"https:\/\/museudofutebol.org.br\/teste\/uncategorized\/ferias-no-museu-do-futebol-tem-programacao-gratuita-e-animam-a-praca-charles-miller\/\" \/>\n<meta property=\"og:site_name\" content=\"Museu do Futebol\" \/>\n<meta property=\"article:publisher\" content=\"https:\/\/www.facebook.com\/museudofutebol\" \/>\n<meta property=\"article:published_time\" content=\"2024-12-27T14:05:01+00:00\" \/>\n<meta property=\"article:modified_time\" content=\"2025-01-20T19:03:45+00:00\" \/>\n<meta property=\"og:image\" content=\"https:\/\/museudofutebol.org.br\/teste\/wp-content\/uploads\/2024\/12\/20241012_MF_0103-scaled.jpg\" \/>\n\t<meta property=\"og:image:width\" content=\"2560\" \/>\n\t<meta property=\"og:image:height\" content=\"1707\" \/>\n\t<meta property=\"og:image:type\" content=\"image\/jpeg\" \/>\n<meta name=\"author\" content=\"L\u00edvia Albernaz\" \/>\n<meta name=\"twitter:card\" content=\"summary_large_image\" \/>\n<meta name=\"twitter:creator\" content=\"@museudofutebol\" \/>\n<meta name=\"twitter:site\" content=\"@museudofutebol\" \/>\n<meta name=\"twitter:label1\" content=\"Escrito por\" \/>\n\t<meta name=\"twitter:data1\" content=\"L\u00edvia Albernaz\" \/>\n\t<meta name=\"twitter:label2\" content=\"Est. tempo de leitura\" \/>\n\t<meta name=\"twitter:data2\" content=\"3 minutos\" \/>\n<script type=\"application\/ld+json\" class=\"yoast-schema-graph\">{\"@context\":\"https:\/\/schema.org\",\"@graph\":[{\"@type\":\"WebPage\",\"@id\":\"https:\/\/museudofutebol.org.br\/teste\/uncategorized\/ferias-no-museu-do-futebol-tem-programacao-gratuita-e-animam-a-praca-charles-miller\/\",\"url\":\"https:\/\/museudofutebol.org.br\/teste\/uncategorized\/ferias-no-museu-do-futebol-tem-programacao-gratuita-e-animam-a-praca-charles-miller\/\",\"name\":\"F\u00e9rias no Museu - Museu do Futebol\",\"isPartOf\":{\"@id\":\"https:\/\/museudofutebol.org.br\/teste\/#website\"},\"datePublished\":\"2024-12-27T14:05:01+00:00\",\"dateModified\":\"2025-01-20T19:03:45+00:00\",\"author\":{\"@id\":\"https:\/\/museudofutebol.org.br\/teste\/#\/schema\/person\/e846ac1d13a709d926ca8dd9efc0f759\"},\"breadcrumb\":{\"@id\":\"https:\/\/museudofutebol.org.br\/teste\/uncategorized\/ferias-no-museu-do-futebol-tem-programacao-gratuita-e-animam-a-praca-charles-miller\/#breadcrumb\"},\"inLanguage\":\"pt-BR\",\"potentialAction\":[{\"@type\":\"ReadAction\",\"target\":[\"https:\/\/museudofutebol.org.br\/teste\/uncategorized\/ferias-no-museu-do-futebol-tem-programacao-gratuita-e-animam-a-praca-charles-miller\/\"]}]},{\"@type\":\"BreadcrumbList\",\"@id\":\"https:\/\/museudofutebol.org.br\/teste\/uncategorized\/ferias-no-museu-do-futebol-tem-programacao-gratuita-e-animam-a-praca-charles-miller\/#breadcrumb\",\"itemListElement\":[{\"@type\":\"ListItem\",\"position\":1,\"name\":\"In\u00edcio\",\"item\":\"https:\/\/museudofutebol.org.br\/teste\/\"},{\"@type\":\"ListItem\",\"position\":2,\"name\":\"F\u00e9rias no Museu\"}]},{\"@type\":\"WebSite\",\"@id\":\"https:\/\/museudofutebol.org.br\/teste\/#website\",\"url\":\"https:\/\/museudofutebol.org.br\/teste\/\",\"name\":\"Museu do Futebol\",\"description\":\"\",\"potentialAction\":[{\"@type\":\"SearchAction\",\"target\":{\"@type\":\"EntryPoint\",\"urlTemplate\":\"https:\/\/museudofutebol.org.br\/teste\/?s={search_term_string}\"},\"query-input\":\"required name=search_term_string\"}],\"inLanguage\":\"pt-BR\"},{\"@type\":\"Person\",\"@id\":\"https:\/\/museudofutebol.org.br\/teste\/#\/schema\/person\/e846ac1d13a709d926ca8dd9efc0f759\",\"name\":\"L\u00edvia Albernaz\",\"url\":\"https:\/\/museudofutebol.org.br\/teste\/author\/livia-albernaz\/\"}]}<\/script>\n<!-- \/ Yoast SEO plugin. -->","yoast_head_json":{"title":"F\u00e9rias no Museu - Museu do Futebol","robots":{"index":"index","follow":"follow","max-snippet":"max-snippet:-1","max-image-preview":"max-image-preview:large","max-video-preview":"max-video-preview:-1"},"canonical":"https:\/\/museudofutebol.org.br\/teste\/uncategorized\/ferias-no-museu-do-futebol-tem-programacao-gratuita-e-animam-a-praca-charles-miller\/","og_locale":"pt_BR","og_type":"article","og_title":"F\u00e9rias no Museu - Museu do Futebol","og_description":"O per\u00edodo mais divertido e esperado do ano para crian\u00e7as e adolescentes chegou. E passar f\u00e9rias no Museu do Futebol \u00e9 o destino certo para quem [\u2026]","og_url":"https:\/\/museudofutebol.org.br\/teste\/uncategorized\/ferias-no-museu-do-futebol-tem-programacao-gratuita-e-animam-a-praca-charles-miller\/","og_site_name":"Museu do Futebol","article_publisher":"https:\/\/www.facebook.com\/museudofutebol","article_published_time":"2024-12-27T14:05:01+00:00","article_modified_time":"2025-01-20T19:03:45+00:00","og_image":[{"width":2560,"height":1707,"url":"https:\/\/museudofutebol.org.br\/teste\/wp-content\/uploads\/2024\/12\/20241012_MF_0103-scaled.jpg","type":"image\/jpeg"}],"author":"L\u00edvia Albernaz","twitter_card":"summary_large_image","twitter_creator":"@museudofutebol","twitter_site":"@museudofutebol","twitter_misc":{"Escrito por":"L\u00edvia Albernaz","Est. tempo de leitura":"3 minutos"},"schema":{"@context":"https:\/\/schema.org","@graph":[{"@type":"WebPage","@id":"https:\/\/museudofutebol.org.br\/teste\/uncategorized\/ferias-no-museu-do-futebol-tem-programacao-gratuita-e-animam-a-praca-charles-miller\/","url":"https:\/\/museudofutebol.org.br\/teste\/uncategorized\/ferias-no-museu-do-futebol-tem-programacao-gratuita-e-animam-a-praca-charles-miller\/","name":"F\u00e9rias no Museu - Museu do Futebol","isPartOf":{"@id":"https:\/\/museudofutebol.org.br\/teste\/#website"},"datePublished":"2024-12-27T14:05:01+00:00","dateModified":"2025-01-20T19:03:45+00:00","author":{"@id":"https:\/\/museudofutebol.org.br\/teste\/#\/schema\/person\/e846ac1d13a709d926ca8dd9efc0f759"},"breadcrumb":{"@id":"https:\/\/museudofutebol.org.br\/teste\/uncategorized\/ferias-no-museu-do-futebol-tem-programacao-gratuita-e-animam-a-praca-charles-miller\/#breadcrumb"},"inLanguage":"pt-BR","potentialAction":[{"@type":"ReadAction","target":["https:\/\/museudofutebol.org.br\/teste\/uncategorized\/ferias-no-museu-do-futebol-tem-programacao-gratuita-e-animam-a-praca-charles-miller\/"]}]},{"@type":"BreadcrumbList","@id":"https:\/\/museudofutebol.org.br\/teste\/uncategorized\/ferias-no-museu-do-futebol-tem-programacao-gratuita-e-animam-a-praca-charles-miller\/#breadcrumb","itemListElement":[{"@type":"ListItem","position":1,"name":"In\u00edcio","item":"https:\/\/museudofutebol.org.br\/teste\/"},{"@type":"ListItem","position":2,"name":"F\u00e9rias no Museu"}]},{"@type":"WebSite","@id":"https:\/\/museudofutebol.org.br\/teste\/#website","url":"https:\/\/museudofutebol.org.br\/teste\/","name":"Museu do Futebol","description":"","potentialAction":[{"@type":"SearchAction","target":{"@type":"EntryPoint","urlTemplate":"https:\/\/museudofutebol.org.br\/teste\/?s={search_term_string}"},"query-input":"required name=search_term_string"}],"inLanguage":"pt-BR"},{"@type":"Person","@id":"https:\/\/museudofutebol.org.br\/teste\/#\/schema\/person\/e846ac1d13a709d926ca8dd9efc0f759","name":"L\u00edvia Albernaz","url":"https:\/\/museudofutebol.org.br\/teste\/author\/livia-albernaz\/"}]}},"_links":{"self":[{"href":"https:\/\/museudofutebol.org.br\/teste\/wp-json\/wp\/v2\/posts\/14635"}],"collection":[{"href":"https:\/\/museudofutebol.org.br\/teste\/wp-json\/wp\/v2\/posts"}],"about":[{"href":"https:\/\/museudofutebol.org.br\/teste\/wp-json\/wp\/v2\/types\/post"}],"author":[{"embeddable":true,"href":"https:\/\/museudofutebol.org.br\/teste\/wp-json\/wp\/v2\/users\/25"}],"replies":[{"embeddable":true,"href":"https:\/\/museudofutebol.org.br\/teste\/wp-json\/wp\/v2\/comments?post=14635"}],"version-history":[{"count":5,"href":"https:\/\/museudofutebol.org.br\/teste\/wp-json\/wp\/v2\/posts\/14635\/revisions"}],"predecessor-version":[{"id":14807,"href":"https:\/\/museudofutebol.org.br\/teste\/wp-json\/wp\/v2\/posts\/14635\/revisions\/14807"}],"wp:featuredmedia":[{"embeddable":true,"href":"https:\/\/museudofutebol.org.br\/teste\/wp-json\/wp\/v2\/media\/14636"}],"wp:attachment":[{"href":"https:\/\/museudofutebol.org.br\/teste\/wp-json\/wp\/v2\/media?parent=14635"}],"wp:term":[{"taxonomy":"category","embeddable":true,"href":"https:\/\/museudofutebol.org.br\/teste\/wp-json\/wp\/v2\/categories?post=14635"},{"taxonomy":"post_tag","embeddable":true,"href":"https:\/\/museudofutebol.org.br\/teste\/wp-json\/wp\/v2\/tags?post=14635"}],"curies":[{"name":"wp","href":"https:\/\/api.w.org\/{rel}","templated":true}]}}