{"id":7137,"date":"2022-10-04T08:00:00","date_gmt":"2022-10-04T11:00:00","guid":{"rendered":"https:\/\/museudofutebol.org.br\/teste\/?p=7137"},"modified":"2022-10-04T10:07:29","modified_gmt":"2022-10-04T13:07:29","slug":"museu-do-futebol-recebe-exposicao-sobre-rockgol","status":"publish","type":"post","link":"https:\/\/museudofutebol.org.br\/teste\/uncategorized\/museu-do-futebol-recebe-exposicao-sobre-rockgol\/","title":{"rendered":"Museu do Futebol recebe exposi\u00e7\u00e3o sobre Rockgol"},"content":{"rendered":"<div class=\"wpb-content-wrapper\"><p>[vc_row][vc_column][vc_single_image image=&#8221;7138&#8243; img_size=&#8221;full&#8221;][vc_column_text]Em 2022, o ic\u00f4nico programa <strong>Rockgol<\/strong>, que marcou \u00e9poca na antiga <strong>MTV Brasil<\/strong>, completa 25 anos. E para celebrar a data, o<strong> Museu do Futebol<\/strong> recebe uma exposi\u00e7\u00e3o especial sobre o programa, que come\u00e7a em 4 de outubro e fica em cartaz at\u00e9 28 de fevereiro de 2023.<\/p>\n<p><strong>Ao longo de mais de 300 metros quadrados,<\/strong> a mostra conta com v\u00eddeos exclusivos, fotos in\u00e9ditas, narra\u00e7\u00f5es hist\u00f3ricas, objetos de cena, uniformes oficiais, memorabilia e at\u00e9 a cenografia original do programa, que foi comandado por Paulo Bonf\u00e1 e Marco Bianchi entre 1997 e 2010. Cada uma dessas imagens, sons e objetos chega aos visitantes da mostra com o apoio do Acervo Abril, atual detentor dos conte\u00fados da antiga MTV Brasil.<\/p>\n<p>S\u00e3o lembrados epis\u00f3dios cl\u00e1ssicos do <strong>Rockgol<\/strong>, como a briga entre <strong>Di Ferrero<\/strong> e <strong>Jimmy London,<\/strong> ex-vocalistas do NX Zero e do Matanza, , <strong>Cl\u00e9eeeeston<\/strong> no gol, o mil\u00e9simo gol marcado por <strong>Felipe Dylon, <\/strong>al\u00e9m das passagens de J<strong>orge Ben Jor, Rivellino e Seu Jorge.<\/strong><\/p>\n<p>Al\u00e9m de celebrar com os f\u00e3s por meio de mem\u00f3rias da \u00e9poca em que Paulo e Marco apresentavam o programa, o projeto tem como objetivo <strong>levar ao conhecimento do p\u00fablico mais jovem a import\u00e2ncia cultural do Rockgol,<\/strong> contando tamb\u00e9m com ambientes e objetos pensados para a grava\u00e7\u00e3o de v\u00eddeos e conte\u00fado para a internet.<\/p>\n<p><strong>A mostra est\u00e1 localizada ao final da exposi\u00e7\u00e3o principal<\/strong> <strong>do Museu do Futebol<\/strong> e n\u00e3o haver\u00e1 custo adicional ao pre\u00e7o do ingresso da institui\u00e7\u00e3o para visitar a homenagem ao Rockgol.[\/vc_column_text][\/vc_column][\/vc_row]<\/p>\n<\/div>","protected":false},"excerpt":{"rendered":"<p>[vc_row][vc_column][vc_single_image image=&#8221;7138&#8243; img_size=&#8221;full&#8221;][vc_column_text]Em 2022, o ic\u00f4nico programa Rockgol, que marcou \u00e9poca na antiga MTV Brasil, completa 25 anos. E para celebrar a data, o Museu do<span class=\"excerpt-hellip\"> [\u2026]<\/span><\/p>\n","protected":false},"author":13,"featured_media":7138,"comment_status":"closed","ping_status":"closed","sticky":false,"template":"","format":"standard","meta":[],"categories":[1],"tags":[],"acf":[],"yoast_head":"<!-- This site is optimized with the Yoast SEO plugin v20.8 - https:\/\/yoast.com\/wordpress\/plugins\/seo\/ -->\n<title>Museu do Futebol recebe exposi\u00e7\u00e3o sobre Rockgol -<\/title>\n<meta name=\"description\" content=\"Museu do Futebol recebe exposi\u00e7\u00e3o sobre o ic\u00f4nico programa Rockgol, da MTV, em celebra\u00e7\u00e3o ao seus 25 anos de hist\u00f3ria\" \/>\n<meta name=\"robots\" content=\"index, follow, max-snippet:-1, max-image-preview:large, max-video-preview:-1\" \/>\n<link rel=\"canonical\" href=\"https:\/\/museudofutebol.org.br\/teste\/uncategorized\/museu-do-futebol-recebe-exposicao-sobre-rockgol\/\" \/>\n<meta property=\"og:locale\" content=\"pt_BR\" \/>\n<meta property=\"og:type\" content=\"article\" \/>\n<meta property=\"og:title\" content=\"Museu do Futebol recebe exposi\u00e7\u00e3o sobre Rockgol -\" \/>\n<meta property=\"og:description\" content=\"Museu do Futebol recebe exposi\u00e7\u00e3o sobre o ic\u00f4nico programa Rockgol, da MTV, em celebra\u00e7\u00e3o ao seus 25 anos de hist\u00f3ria\" \/>\n<meta property=\"og:url\" content=\"https:\/\/museudofutebol.org.br\/teste\/uncategorized\/museu-do-futebol-recebe-exposicao-sobre-rockgol\/\" \/>\n<meta property=\"og:site_name\" content=\"Museu do Futebol\" \/>\n<meta property=\"article:publisher\" content=\"https:\/\/www.facebook.com\/museudofutebol\" \/>\n<meta property=\"article:published_time\" content=\"2022-10-04T11:00:00+00:00\" \/>\n<meta property=\"article:modified_time\" content=\"2022-10-04T13:07:29+00:00\" \/>\n<meta property=\"og:image\" content=\"https:\/\/museudofutebol.org.br\/teste\/wp-content\/uploads\/2022\/10\/Design-sem-nome-1.jpg\" \/>\n\t<meta property=\"og:image:width\" content=\"1024\" \/>\n\t<meta property=\"og:image:height\" content=\"704\" \/>\n\t<meta property=\"og:image:type\" content=\"image\/jpeg\" \/>\n<meta name=\"author\" content=\"Renata Beltr\u00e3o\" \/>\n<meta name=\"twitter:card\" content=\"summary_large_image\" \/>\n<meta name=\"twitter:creator\" content=\"@museudofutebol\" \/>\n<meta name=\"twitter:site\" content=\"@museudofutebol\" \/>\n<meta name=\"twitter:label1\" content=\"Escrito por\" \/>\n\t<meta name=\"twitter:data1\" content=\"Renata Beltr\u00e3o\" \/>\n\t<meta name=\"twitter:label2\" content=\"Est. tempo de leitura\" \/>\n\t<meta name=\"twitter:data2\" content=\"2 minutos\" \/>\n<script type=\"application\/ld+json\" class=\"yoast-schema-graph\">{\"@context\":\"https:\/\/schema.org\",\"@graph\":[{\"@type\":\"WebPage\",\"@id\":\"https:\/\/museudofutebol.org.br\/teste\/uncategorized\/museu-do-futebol-recebe-exposicao-sobre-rockgol\/\",\"url\":\"https:\/\/museudofutebol.org.br\/teste\/uncategorized\/museu-do-futebol-recebe-exposicao-sobre-rockgol\/\",\"name\":\"Museu do Futebol recebe exposi\u00e7\u00e3o sobre Rockgol -\",\"isPartOf\":{\"@id\":\"https:\/\/museudofutebol.org.br\/teste\/#website\"},\"datePublished\":\"2022-10-04T11:00:00+00:00\",\"dateModified\":\"2022-10-04T13:07:29+00:00\",\"author\":{\"@id\":\"https:\/\/museudofutebol.org.br\/teste\/#\/schema\/person\/c9b1bd07512d321f83b25c0780427051\"},\"description\":\"Museu do Futebol recebe exposi\u00e7\u00e3o sobre o ic\u00f4nico programa Rockgol, da MTV, em celebra\u00e7\u00e3o ao seus 25 anos de hist\u00f3ria\",\"breadcrumb\":{\"@id\":\"https:\/\/museudofutebol.org.br\/teste\/uncategorized\/museu-do-futebol-recebe-exposicao-sobre-rockgol\/#breadcrumb\"},\"inLanguage\":\"pt-BR\",\"potentialAction\":[{\"@type\":\"ReadAction\",\"target\":[\"https:\/\/museudofutebol.org.br\/teste\/uncategorized\/museu-do-futebol-recebe-exposicao-sobre-rockgol\/\"]}]},{\"@type\":\"BreadcrumbList\",\"@id\":\"https:\/\/museudofutebol.org.br\/teste\/uncategorized\/museu-do-futebol-recebe-exposicao-sobre-rockgol\/#breadcrumb\",\"itemListElement\":[{\"@type\":\"ListItem\",\"position\":1,\"name\":\"In\u00edcio\",\"item\":\"https:\/\/museudofutebol.org.br\/teste\/\"},{\"@type\":\"ListItem\",\"position\":2,\"name\":\"Museu do Futebol recebe exposi\u00e7\u00e3o sobre Rockgol\"}]},{\"@type\":\"WebSite\",\"@id\":\"https:\/\/museudofutebol.org.br\/teste\/#website\",\"url\":\"https:\/\/museudofutebol.org.br\/teste\/\",\"name\":\"Museu do Futebol\",\"description\":\"\",\"potentialAction\":[{\"@type\":\"SearchAction\",\"target\":{\"@type\":\"EntryPoint\",\"urlTemplate\":\"https:\/\/museudofutebol.org.br\/teste\/?s={search_term_string}\"},\"query-input\":\"required name=search_term_string\"}],\"inLanguage\":\"pt-BR\"},{\"@type\":\"Person\",\"@id\":\"https:\/\/museudofutebol.org.br\/teste\/#\/schema\/person\/c9b1bd07512d321f83b25c0780427051\",\"name\":\"Renata Beltr\u00e3o\",\"url\":\"https:\/\/museudofutebol.org.br\/teste\/author\/renata-beltrao\/\"}]}<\/script>\n<!-- \/ Yoast SEO plugin. -->","yoast_head_json":{"title":"Museu do Futebol recebe exposi\u00e7\u00e3o sobre Rockgol -","description":"Museu do Futebol recebe exposi\u00e7\u00e3o sobre o ic\u00f4nico programa Rockgol, da MTV, em celebra\u00e7\u00e3o ao seus 25 anos de hist\u00f3ria","robots":{"index":"index","follow":"follow","max-snippet":"max-snippet:-1","max-image-preview":"max-image-preview:large","max-video-preview":"max-video-preview:-1"},"canonical":"https:\/\/museudofutebol.org.br\/teste\/uncategorized\/museu-do-futebol-recebe-exposicao-sobre-rockgol\/","og_locale":"pt_BR","og_type":"article","og_title":"Museu do Futebol recebe exposi\u00e7\u00e3o sobre Rockgol -","og_description":"Museu do Futebol recebe exposi\u00e7\u00e3o sobre o ic\u00f4nico programa Rockgol, da MTV, em celebra\u00e7\u00e3o ao seus 25 anos de hist\u00f3ria","og_url":"https:\/\/museudofutebol.org.br\/teste\/uncategorized\/museu-do-futebol-recebe-exposicao-sobre-rockgol\/","og_site_name":"Museu do Futebol","article_publisher":"https:\/\/www.facebook.com\/museudofutebol","article_published_time":"2022-10-04T11:00:00+00:00","article_modified_time":"2022-10-04T13:07:29+00:00","og_image":[{"width":1024,"height":704,"url":"https:\/\/museudofutebol.org.br\/teste\/wp-content\/uploads\/2022\/10\/Design-sem-nome-1.jpg","type":"image\/jpeg"}],"author":"Renata Beltr\u00e3o","twitter_card":"summary_large_image","twitter_creator":"@museudofutebol","twitter_site":"@museudofutebol","twitter_misc":{"Escrito por":"Renata Beltr\u00e3o","Est. tempo de leitura":"2 minutos"},"schema":{"@context":"https:\/\/schema.org","@graph":[{"@type":"WebPage","@id":"https:\/\/museudofutebol.org.br\/teste\/uncategorized\/museu-do-futebol-recebe-exposicao-sobre-rockgol\/","url":"https:\/\/museudofutebol.org.br\/teste\/uncategorized\/museu-do-futebol-recebe-exposicao-sobre-rockgol\/","name":"Museu do Futebol recebe exposi\u00e7\u00e3o sobre Rockgol -","isPartOf":{"@id":"https:\/\/museudofutebol.org.br\/teste\/#website"},"datePublished":"2022-10-04T11:00:00+00:00","dateModified":"2022-10-04T13:07:29+00:00","author":{"@id":"https:\/\/museudofutebol.org.br\/teste\/#\/schema\/person\/c9b1bd07512d321f83b25c0780427051"},"description":"Museu do Futebol recebe exposi\u00e7\u00e3o sobre o ic\u00f4nico programa Rockgol, da MTV, em celebra\u00e7\u00e3o ao seus 25 anos de hist\u00f3ria","breadcrumb":{"@id":"https:\/\/museudofutebol.org.br\/teste\/uncategorized\/museu-do-futebol-recebe-exposicao-sobre-rockgol\/#breadcrumb"},"inLanguage":"pt-BR","potentialAction":[{"@type":"ReadAction","target":["https:\/\/museudofutebol.org.br\/teste\/uncategorized\/museu-do-futebol-recebe-exposicao-sobre-rockgol\/"]}]},{"@type":"BreadcrumbList","@id":"https:\/\/museudofutebol.org.br\/teste\/uncategorized\/museu-do-futebol-recebe-exposicao-sobre-rockgol\/#breadcrumb","itemListElement":[{"@type":"ListItem","position":1,"name":"In\u00edcio","item":"https:\/\/museudofutebol.org.br\/teste\/"},{"@type":"ListItem","position":2,"name":"Museu do Futebol recebe exposi\u00e7\u00e3o sobre Rockgol"}]},{"@type":"WebSite","@id":"https:\/\/museudofutebol.org.br\/teste\/#website","url":"https:\/\/museudofutebol.org.br\/teste\/","name":"Museu do Futebol","description":"","potentialAction":[{"@type":"SearchAction","target":{"@type":"EntryPoint","urlTemplate":"https:\/\/museudofutebol.org.br\/teste\/?s={search_term_string}"},"query-input":"required name=search_term_string"}],"inLanguage":"pt-BR"},{"@type":"Person","@id":"https:\/\/museudofutebol.org.br\/teste\/#\/schema\/person\/c9b1bd07512d321f83b25c0780427051","name":"Renata Beltr\u00e3o","url":"https:\/\/museudofutebol.org.br\/teste\/author\/renata-beltrao\/"}]}},"_links":{"self":[{"href":"https:\/\/museudofutebol.org.br\/teste\/wp-json\/wp\/v2\/posts\/7137"}],"collection":[{"href":"https:\/\/museudofutebol.org.br\/teste\/wp-json\/wp\/v2\/posts"}],"about":[{"href":"https:\/\/museudofutebol.org.br\/teste\/wp-json\/wp\/v2\/types\/post"}],"author":[{"embeddable":true,"href":"https:\/\/museudofutebol.org.br\/teste\/wp-json\/wp\/v2\/users\/13"}],"replies":[{"embeddable":true,"href":"https:\/\/museudofutebol.org.br\/teste\/wp-json\/wp\/v2\/comments?post=7137"}],"version-history":[{"count":6,"href":"https:\/\/museudofutebol.org.br\/teste\/wp-json\/wp\/v2\/posts\/7137\/revisions"}],"predecessor-version":[{"id":7152,"href":"https:\/\/museudofutebol.org.br\/teste\/wp-json\/wp\/v2\/posts\/7137\/revisions\/7152"}],"wp:featuredmedia":[{"embeddable":true,"href":"https:\/\/museudofutebol.org.br\/teste\/wp-json\/wp\/v2\/media\/7138"}],"wp:attachment":[{"href":"https:\/\/museudofutebol.org.br\/teste\/wp-json\/wp\/v2\/media?parent=7137"}],"wp:term":[{"taxonomy":"category","embeddable":true,"href":"https:\/\/museudofutebol.org.br\/teste\/wp-json\/wp\/v2\/categories?post=7137"},{"taxonomy":"post_tag","embeddable":true,"href":"https:\/\/museudofutebol.org.br\/teste\/wp-json\/wp\/v2\/tags?post=7137"}],"curies":[{"name":"wp","href":"https:\/\/api.w.org\/{rel}","templated":true}]}}