{"id":7911,"date":"2022-12-21T14:51:20","date_gmt":"2022-12-21T17:51:20","guid":{"rendered":"https:\/\/museudofutebol.org.br\/teste\/?p=7911"},"modified":"2023-01-20T15:45:05","modified_gmt":"2023-01-20T18:45:05","slug":"ferias-no-museu-do-futebol","status":"publish","type":"post","link":"https:\/\/museudofutebol.org.br\/teste\/uncategorized\/ferias-no-museu-do-futebol\/","title":{"rendered":"F\u00e9rias no Museu: de 03\/01 a 05\/02"},"content":{"rendered":"<div class=\"wpb-content-wrapper\"><p>[vc_row][vc_column][vc_column_text]<span data-contrast=\"auto\">O j\u00e1 tradicional F\u00e9rias no Museu est\u00e1 de volta! De 3 de janeiro a 5 de fevereiro, o Museu do Futebol ter\u00e1 uma programa\u00e7\u00e3o especial voltada para as crian\u00e7as e suas fam\u00edlias, em que ser\u00e3o oferecidas diversas brincadeiras, jogos, atividades e oficinas gratuitas, na \u00e1rea externa do museu. <\/span><span data-ccp-props=\"{&quot;134233117&quot;:false,&quot;134233118&quot;:false,&quot;201341983&quot;:0,&quot;335551550&quot;:1,&quot;335551620&quot;:1,&quot;335559685&quot;:0,&quot;335559737&quot;:0,&quot;335559738&quot;:0,&quot;335559739&quot;:160,&quot;335559740&quot;:259}\"> A programa\u00e7\u00e3o\u00a0acontece de <strong>ter\u00e7a a domingo, das 10h \u00e0s 17h.<\/strong><\/span><\/p>\n<p><span data-contrast=\"auto\">Entre as brincadeiras e atividades, a crian\u00e7ada poder\u00e1 se divertir, por exemplo, com piscina de bolinhas, chute a gol, pula-pula, escalada infl\u00e1vel, slackline, jogos de tabuleiro e muito mais. Haver\u00e1 ainda conta\u00e7\u00e3o de hist\u00f3rias, confec\u00e7\u00e3o de brinquedos, entre outras oficinas.<\/span><\/p>\n<p><span data-contrast=\"auto\">O projeto inclui atividades voltadas especificamente para a primeira inf\u00e2ncia (0 a 3 anos) e atividades para todas as idades tamb\u00e9m.<\/span> Haver\u00e1 uma <strong>programa\u00e7\u00e3o recorrente<\/strong>, com atividades que acontecem sempre, al\u00e9m de outras espec\u00edficas para cada dia.<\/p>\n<p><strong>Clique <a href=\"https:\/\/museudofutebol.org.br\/teste\/programacao\/\" target=\"_blank\" rel=\"noopener\">aqui<\/a> para acessar a agenda e confira abaixo o calend\u00e1rio completo com a programa\u00e7\u00e3o especial para cada dia.<\/strong>[\/vc_column_text][vc_single_image image=&#8221;8130&#8243; img_size=&#8221;full&#8221; onclick=&#8221;custom_link&#8221; img_link_target=&#8221;_blank&#8221; link=&#8221;http:\/\/museudofutebol.org.br\/teste\/programacao\/&#8221;][\/vc_column][\/vc_row]<\/p>\n<\/div>","protected":false},"excerpt":{"rendered":"<p>[vc_row][vc_column][vc_column_text]O j\u00e1 tradicional F\u00e9rias no Museu est\u00e1 de volta! De 3 de janeiro a 5 de fevereiro, o Museu do Futebol ter\u00e1 uma programa\u00e7\u00e3o especial voltada<span class=\"excerpt-hellip\"> [\u2026]<\/span><\/p>\n","protected":false},"author":13,"featured_media":7913,"comment_status":"closed","ping_status":"closed","sticky":false,"template":"","format":"standard","meta":[],"categories":[1],"tags":[],"acf":[],"yoast_head":"<!-- This site is optimized with the Yoast SEO plugin v20.8 - https:\/\/yoast.com\/wordpress\/plugins\/seo\/ -->\n<title>F\u00e9rias no Museu: de 03\/01 a 05\/02 - Museu do Futebol<\/title>\n<meta name=\"description\" content=\"Venha se divertir no F\u00e9rias do Museu, projeto do Museu do Futebol que oferece atividades e brincadeiras gratuitas para crian\u00e7as, de 3\/1 a 5\/2\" \/>\n<meta name=\"robots\" content=\"index, follow, max-snippet:-1, max-image-preview:large, max-video-preview:-1\" \/>\n<link rel=\"canonical\" href=\"https:\/\/museudofutebol.org.br\/teste\/uncategorized\/ferias-no-museu-do-futebol\/\" \/>\n<meta property=\"og:locale\" content=\"pt_BR\" \/>\n<meta property=\"og:type\" content=\"article\" \/>\n<meta property=\"og:title\" content=\"F\u00e9rias no Museu: de 03\/01 a 05\/02 - Museu do Futebol\" \/>\n<meta property=\"og:description\" content=\"Venha se divertir no F\u00e9rias do Museu, projeto do Museu do Futebol que oferece atividades e brincadeiras gratuitas para crian\u00e7as, de 3\/1 a 5\/2\" \/>\n<meta property=\"og:url\" content=\"https:\/\/museudofutebol.org.br\/teste\/uncategorized\/ferias-no-museu-do-futebol\/\" \/>\n<meta property=\"og:site_name\" content=\"Museu do Futebol\" \/>\n<meta property=\"article:publisher\" content=\"https:\/\/www.facebook.com\/museudofutebol\" \/>\n<meta property=\"article:published_time\" content=\"2022-12-21T17:51:20+00:00\" \/>\n<meta property=\"article:modified_time\" content=\"2023-01-20T18:45:05+00:00\" \/>\n<meta property=\"og:image\" content=\"https:\/\/museudofutebol.org.br\/teste\/wp-content\/uploads\/2022\/12\/Design-sem-nome.png\" \/>\n\t<meta property=\"og:image:width\" content=\"1024\" \/>\n\t<meta property=\"og:image:height\" content=\"704\" \/>\n\t<meta property=\"og:image:type\" content=\"image\/png\" \/>\n<meta name=\"author\" content=\"Renata Beltr\u00e3o\" \/>\n<meta name=\"twitter:card\" content=\"summary_large_image\" \/>\n<meta name=\"twitter:creator\" content=\"@museudofutebol\" \/>\n<meta name=\"twitter:site\" content=\"@museudofutebol\" \/>\n<meta name=\"twitter:label1\" content=\"Escrito por\" \/>\n\t<meta name=\"twitter:data1\" content=\"Renata Beltr\u00e3o\" \/>\n\t<meta name=\"twitter:label2\" content=\"Est. tempo de leitura\" \/>\n\t<meta name=\"twitter:data2\" content=\"1 minuto\" \/>\n<script type=\"application\/ld+json\" class=\"yoast-schema-graph\">{\"@context\":\"https:\/\/schema.org\",\"@graph\":[{\"@type\":\"WebPage\",\"@id\":\"https:\/\/museudofutebol.org.br\/teste\/uncategorized\/ferias-no-museu-do-futebol\/\",\"url\":\"https:\/\/museudofutebol.org.br\/teste\/uncategorized\/ferias-no-museu-do-futebol\/\",\"name\":\"F\u00e9rias no Museu: de 03\/01 a 05\/02 - Museu do Futebol\",\"isPartOf\":{\"@id\":\"https:\/\/museudofutebol.org.br\/teste\/#website\"},\"datePublished\":\"2022-12-21T17:51:20+00:00\",\"dateModified\":\"2023-01-20T18:45:05+00:00\",\"author\":{\"@id\":\"https:\/\/museudofutebol.org.br\/teste\/#\/schema\/person\/c9b1bd07512d321f83b25c0780427051\"},\"description\":\"Venha se divertir no F\u00e9rias do Museu, projeto do Museu do Futebol que oferece atividades e brincadeiras gratuitas para crian\u00e7as, de 3\/1 a 5\/2\",\"breadcrumb\":{\"@id\":\"https:\/\/museudofutebol.org.br\/teste\/uncategorized\/ferias-no-museu-do-futebol\/#breadcrumb\"},\"inLanguage\":\"pt-BR\",\"potentialAction\":[{\"@type\":\"ReadAction\",\"target\":[\"https:\/\/museudofutebol.org.br\/teste\/uncategorized\/ferias-no-museu-do-futebol\/\"]}]},{\"@type\":\"BreadcrumbList\",\"@id\":\"https:\/\/museudofutebol.org.br\/teste\/uncategorized\/ferias-no-museu-do-futebol\/#breadcrumb\",\"itemListElement\":[{\"@type\":\"ListItem\",\"position\":1,\"name\":\"In\u00edcio\",\"item\":\"https:\/\/museudofutebol.org.br\/teste\/\"},{\"@type\":\"ListItem\",\"position\":2,\"name\":\"F\u00e9rias no Museu: de 03\/01 a 05\/02\"}]},{\"@type\":\"WebSite\",\"@id\":\"https:\/\/museudofutebol.org.br\/teste\/#website\",\"url\":\"https:\/\/museudofutebol.org.br\/teste\/\",\"name\":\"Museu do Futebol\",\"description\":\"\",\"potentialAction\":[{\"@type\":\"SearchAction\",\"target\":{\"@type\":\"EntryPoint\",\"urlTemplate\":\"https:\/\/museudofutebol.org.br\/teste\/?s={search_term_string}\"},\"query-input\":\"required name=search_term_string\"}],\"inLanguage\":\"pt-BR\"},{\"@type\":\"Person\",\"@id\":\"https:\/\/museudofutebol.org.br\/teste\/#\/schema\/person\/c9b1bd07512d321f83b25c0780427051\",\"name\":\"Renata Beltr\u00e3o\",\"url\":\"https:\/\/museudofutebol.org.br\/teste\/author\/renata-beltrao\/\"}]}<\/script>\n<!-- \/ Yoast SEO plugin. -->","yoast_head_json":{"title":"F\u00e9rias no Museu: de 03\/01 a 05\/02 - Museu do Futebol","description":"Venha se divertir no F\u00e9rias do Museu, projeto do Museu do Futebol que oferece atividades e brincadeiras gratuitas para crian\u00e7as, de 3\/1 a 5\/2","robots":{"index":"index","follow":"follow","max-snippet":"max-snippet:-1","max-image-preview":"max-image-preview:large","max-video-preview":"max-video-preview:-1"},"canonical":"https:\/\/museudofutebol.org.br\/teste\/uncategorized\/ferias-no-museu-do-futebol\/","og_locale":"pt_BR","og_type":"article","og_title":"F\u00e9rias no Museu: de 03\/01 a 05\/02 - Museu do Futebol","og_description":"Venha se divertir no F\u00e9rias do Museu, projeto do Museu do Futebol que oferece atividades e brincadeiras gratuitas para crian\u00e7as, de 3\/1 a 5\/2","og_url":"https:\/\/museudofutebol.org.br\/teste\/uncategorized\/ferias-no-museu-do-futebol\/","og_site_name":"Museu do Futebol","article_publisher":"https:\/\/www.facebook.com\/museudofutebol","article_published_time":"2022-12-21T17:51:20+00:00","article_modified_time":"2023-01-20T18:45:05+00:00","og_image":[{"width":1024,"height":704,"url":"https:\/\/museudofutebol.org.br\/teste\/wp-content\/uploads\/2022\/12\/Design-sem-nome.png","type":"image\/png"}],"author":"Renata Beltr\u00e3o","twitter_card":"summary_large_image","twitter_creator":"@museudofutebol","twitter_site":"@museudofutebol","twitter_misc":{"Escrito por":"Renata Beltr\u00e3o","Est. tempo de leitura":"1 minuto"},"schema":{"@context":"https:\/\/schema.org","@graph":[{"@type":"WebPage","@id":"https:\/\/museudofutebol.org.br\/teste\/uncategorized\/ferias-no-museu-do-futebol\/","url":"https:\/\/museudofutebol.org.br\/teste\/uncategorized\/ferias-no-museu-do-futebol\/","name":"F\u00e9rias no Museu: de 03\/01 a 05\/02 - Museu do Futebol","isPartOf":{"@id":"https:\/\/museudofutebol.org.br\/teste\/#website"},"datePublished":"2022-12-21T17:51:20+00:00","dateModified":"2023-01-20T18:45:05+00:00","author":{"@id":"https:\/\/museudofutebol.org.br\/teste\/#\/schema\/person\/c9b1bd07512d321f83b25c0780427051"},"description":"Venha se divertir no F\u00e9rias do Museu, projeto do Museu do Futebol que oferece atividades e brincadeiras gratuitas para crian\u00e7as, de 3\/1 a 5\/2","breadcrumb":{"@id":"https:\/\/museudofutebol.org.br\/teste\/uncategorized\/ferias-no-museu-do-futebol\/#breadcrumb"},"inLanguage":"pt-BR","potentialAction":[{"@type":"ReadAction","target":["https:\/\/museudofutebol.org.br\/teste\/uncategorized\/ferias-no-museu-do-futebol\/"]}]},{"@type":"BreadcrumbList","@id":"https:\/\/museudofutebol.org.br\/teste\/uncategorized\/ferias-no-museu-do-futebol\/#breadcrumb","itemListElement":[{"@type":"ListItem","position":1,"name":"In\u00edcio","item":"https:\/\/museudofutebol.org.br\/teste\/"},{"@type":"ListItem","position":2,"name":"F\u00e9rias no Museu: de 03\/01 a 05\/02"}]},{"@type":"WebSite","@id":"https:\/\/museudofutebol.org.br\/teste\/#website","url":"https:\/\/museudofutebol.org.br\/teste\/","name":"Museu do Futebol","description":"","potentialAction":[{"@type":"SearchAction","target":{"@type":"EntryPoint","urlTemplate":"https:\/\/museudofutebol.org.br\/teste\/?s={search_term_string}"},"query-input":"required name=search_term_string"}],"inLanguage":"pt-BR"},{"@type":"Person","@id":"https:\/\/museudofutebol.org.br\/teste\/#\/schema\/person\/c9b1bd07512d321f83b25c0780427051","name":"Renata Beltr\u00e3o","url":"https:\/\/museudofutebol.org.br\/teste\/author\/renata-beltrao\/"}]}},"_links":{"self":[{"href":"https:\/\/museudofutebol.org.br\/teste\/wp-json\/wp\/v2\/posts\/7911"}],"collection":[{"href":"https:\/\/museudofutebol.org.br\/teste\/wp-json\/wp\/v2\/posts"}],"about":[{"href":"https:\/\/museudofutebol.org.br\/teste\/wp-json\/wp\/v2\/types\/post"}],"author":[{"embeddable":true,"href":"https:\/\/museudofutebol.org.br\/teste\/wp-json\/wp\/v2\/users\/13"}],"replies":[{"embeddable":true,"href":"https:\/\/museudofutebol.org.br\/teste\/wp-json\/wp\/v2\/comments?post=7911"}],"version-history":[{"count":7,"href":"https:\/\/museudofutebol.org.br\/teste\/wp-json\/wp\/v2\/posts\/7911\/revisions"}],"predecessor-version":[{"id":8131,"href":"https:\/\/museudofutebol.org.br\/teste\/wp-json\/wp\/v2\/posts\/7911\/revisions\/8131"}],"wp:featuredmedia":[{"embeddable":true,"href":"https:\/\/museudofutebol.org.br\/teste\/wp-json\/wp\/v2\/media\/7913"}],"wp:attachment":[{"href":"https:\/\/museudofutebol.org.br\/teste\/wp-json\/wp\/v2\/media?parent=7911"}],"wp:term":[{"taxonomy":"category","embeddable":true,"href":"https:\/\/museudofutebol.org.br\/teste\/wp-json\/wp\/v2\/categories?post=7911"},{"taxonomy":"post_tag","embeddable":true,"href":"https:\/\/museudofutebol.org.br\/teste\/wp-json\/wp\/v2\/tags?post=7911"}],"curies":[{"name":"wp","href":"https:\/\/api.w.org\/{rel}","templated":true}]}}