{"id":9315,"date":"2023-06-20T12:35:46","date_gmt":"2023-06-20T15:35:46","guid":{"rendered":"https:\/\/museudofutebol.org.br\/teste\/?p=9315"},"modified":"2023-07-07T18:27:29","modified_gmt":"2023-07-07T21:27:29","slug":"praia-de-paulista-ocupa-a-praca-charles-miller","status":"publish","type":"post","link":"https:\/\/museudofutebol.org.br\/teste\/uncategorized\/praia-de-paulista-ocupa-a-praca-charles-miller\/","title":{"rendered":"Praia de Paulista ocupa a Pra\u00e7a Charles Miller"},"content":{"rendered":"<p>A partir de <strong>1\u00ba de julho<\/strong> a Pra\u00e7a Charles Miller se transforma uma verdadeira Praia de Paulista, com quatro quadras de areia para pr\u00e1tica de futev\u00f4lei e beach tennis e uma grande arena central onde ser\u00e3o realizados torneios oficiais das duas modalidades \u2013 e o que \u00e9 melhor: o p\u00fablico est\u00e1 liberado para trazer seus <em>coolers<\/em> e curtir o passeio com seu pr\u00f3prio pic-nic. Toda a programa\u00e7\u00e3o ser\u00e1 gratuita e segue <strong>at\u00e9 30 de julho sempre de ter\u00e7a a domingo<\/strong>. Ser\u00e3o 4.200 metros quadrados com o objetivo de promover o lazer, o bem-estar e a conscientiza\u00e7\u00e3o sobre sustentabilidade durante o m\u00eas de f\u00e9rias. O projeto \u00e9 realizado em parceria entre a Goola\u00e7o e o Museu do Futebol, institui\u00e7\u00e3o da Secretaria de Cultura e Economia Criativa do Governo do Estado de S\u00e3o Paulo.<\/p>\n<p>A <strong>arena central tem capacidade para mil pessoas<\/strong>, entre espectadores \u2013 moradores da cidade e turistas \u2013 al\u00e9m de praticantes dos esportes de praia, amadores ou profissionais. \u00c9 nela que v\u00e3o acontecer o Campeonato Paulista de Futev\u00f4lei, o Circuito Paulista de Clubes de Futev\u00f4lei, o Campeonato Paulista de Clubes de Beach Tennis e o Circuito Paulista de Beach Tennis \u2013 Etapa Praia de Paulista \u2013 veja informa\u00e7\u00f5es abaixo. O espa\u00e7o ser\u00e1 acess\u00edvel para cadeirantes e pessoas com mobilidade reduzida.<\/p>\n<p>A popula\u00e7\u00e3o em geral tamb\u00e9m vai poder curtir a pr\u00e1tica de esportes na areia nas <strong>quatro quadras comunit\u00e1rias, que v\u00e3o funcionar de ter\u00e7a a domingo, das 9h \u00e0s 17h, mediante agendamento pelo site <a href=\"http:\/\/www.praiadepaulista.com.br\">www.praiadepaulista.com.br<\/a> <\/strong>a partir de 15\/6, ou diretamente no local, de acordo com a disponibilidade. Para quem quer aprender um dos esportes ou melhorar a t\u00e9cnica, haver\u00e1 tamb\u00e9m cl\u00ednicas com acompanhamento de profissionais.<\/p>\n<p>Nessas 4 quadras, al\u00e9m da pr\u00e1tica pelo p\u00fablico em geral, em datas espec\u00edficas, tamb\u00e9m haver\u00e1 festivais amadores e que poder\u00e3o ser assistidos pelos presentes. Ao todo, ser\u00e3o 26 dias de atividades, sempre de ter\u00e7a a domingo, das 9h \u00e0s 17h.<\/p>\n<p><strong><br \/>\nSustentabilidade ambiental<br \/>\n<\/strong>O projeto \u201cPraia de Paulista\u201d foi pensado para ser ambientalmente sustent\u00e1vel. Por isso, haver\u00e1 quatro bebedouros dispon\u00edveis para o p\u00fablico se abastecer gratuitamente com \u00e1gua pot\u00e1vel, levando suas pr\u00f3prias garrafinhas ou copos reutiliz\u00e1veis. Assim como numa praia de verdade, as pessoas s\u00e3o estimuladas a levar seus <em>coolers <\/em>com bebidas e alimentos para consumir no local. Haver\u00e1 cont\u00eainers para separa\u00e7\u00e3o do lixo, que ser\u00e1 tratado por uma empresa especializada. O material org\u00e2nico ser\u00e1 destinado a compostagem, os recicl\u00e1veis para empresas com cr\u00e9dito de log\u00edstica reversa e apenas o que realmente n\u00e3o for aproveit\u00e1vel para incinera\u00e7\u00e3o ou aterros sanit\u00e1rios regulares.<\/p>\n<p>A Braskem como patrocinadora principal do Praia de Paulista, por meio da Lei de Incentivo ao Esporte, apoiou a iniciativa para que o projeto tivesse a sustentabilidade ambiental incorporada. <a href=\"https:\/\/www.braskem.com.br\/praia-de-paulista\">Confira o hotsite da Braskem<\/a>.<\/p>\n<p><strong>SERVI\u00c7O<br \/>\n<\/strong>Pra\u00e7a Charles Miller, S\/N\u00b0 Pacaembu, S\u00e3o Paulo, SP<br \/>\n1\u00ba (s\u00e1bado) a 30 (domingo) de julho de 2023<br \/>\nDe ter\u00e7a a domingo, das 9h \u00e0s 17h<br \/>\nGR\u00c1TIS<br \/>\nAgendamento para uso das quadras: presencialmente ou por meio do site <a href=\"http:\/\/www.praiadepaulista.com.br\">www.praiadepaulista.com.br<\/a> em funcionamento a partir do dia 15\/06\/2023<\/p>\n<p><em>\u00a0<\/em><\/p>\n<p><strong>CALEND\u00c1RIO DE COMPETI\u00c7\u00d5ES<br \/>\n<\/strong>Campeonato Paulista de Futev\u00f4lei \u2013 1, 2, 7, 8 e 9 de julho<br \/>\nCircuito Paulista de Clubes \u2013 15 e 16 de julho<br \/>\nDesafio de Beach Tennis \u2013 22 e 23 de julho<br \/>\nCampeonato Paulista Juvenil de Beach Tennis \u2013 28, 29 e 30 de julho<br \/>\nUso livre das quadras pelo p\u00fablico geral \u2013 De ter\u00e7a a domingo, entre 1 e 30 de julho, das 9 \u00e0s 17h<\/p>\n<p><b><span data-contrast=\"auto\">PATROCINADORES E PARCEIROS<\/span><\/b><span data-ccp-props=\"{&quot;201341983&quot;:0,&quot;335559739&quot;:0,&quot;335559740&quot;:259}\">\u00a0<\/span><\/p>\n<p><span data-contrast=\"auto\">O Praia de Paulista conta com patroc\u00ednio da Braskem, da TCL e do Pinheiro Neto Advogados, por meio da Lei de Incentivo ao Esporte. Cacau Show, Tirolez, Itaquadra, Fitch Ratings, Engeform, Guaran\u00ed, Vet BR e Parmalat WheyFit s\u00e3o patrocinadores por meio da Programa Paulista de Incentivo ao Esporte. O projeto conta com o apoio da Secretaria Municipal de Esportes e Lazer e \u00e9 uma realiza\u00e7\u00e3o da Federa\u00e7\u00e3o Paulista de Tenis, Federa\u00e7\u00e3o Paulista de Futev\u00f4lei, do IDBrasil Cultura, Educa\u00e7\u00e3o e Esporte, Organiza\u00e7\u00e3o Social gestora do Museu do Futebol &#8211; institui\u00e7\u00e3o da Secretaria de Cultura, Economia e Ind\u00fastria Criativas do Estado de S\u00e3o Paulo, do Minist\u00e9rio do Esporte e do Governo Federal.<\/span><span data-ccp-props=\"{&quot;201341983&quot;:0,&quot;335559739&quot;:0,&quot;335559740&quot;:259}\">\u00a0<\/span><\/p>\n","protected":false},"excerpt":{"rendered":"<p>A partir de 1\u00ba de julho a Pra\u00e7a Charles Miller se transforma uma verdadeira Praia de Paulista, com quatro quadras de areia para pr\u00e1tica de futev\u00f4lei<span class=\"excerpt-hellip\"> [\u2026]<\/span><\/p>\n","protected":false},"author":13,"featured_media":0,"comment_status":"closed","ping_status":"closed","sticky":false,"template":"","format":"standard","meta":[],"categories":[1],"tags":[],"acf":[],"yoast_head":"<!-- This site is optimized with the Yoast SEO plugin v20.8 - https:\/\/yoast.com\/wordpress\/plugins\/seo\/ -->\n<title>Praia de Paulista ocupa a Pra\u00e7a Charles Miller - Museu do Futebol<\/title>\n<meta name=\"robots\" content=\"index, follow, max-snippet:-1, max-image-preview:large, max-video-preview:-1\" \/>\n<link rel=\"canonical\" href=\"https:\/\/museudofutebol.org.br\/teste\/uncategorized\/praia-de-paulista-ocupa-a-praca-charles-miller\/\" \/>\n<meta property=\"og:locale\" content=\"pt_BR\" \/>\n<meta property=\"og:type\" content=\"article\" \/>\n<meta property=\"og:title\" content=\"Praia de Paulista ocupa a Pra\u00e7a Charles Miller - Museu do Futebol\" \/>\n<meta property=\"og:description\" content=\"A partir de 1\u00ba de julho a Pra\u00e7a Charles Miller se transforma uma verdadeira Praia de Paulista, com quatro quadras de areia para pr\u00e1tica de futev\u00f4lei [\u2026]\" \/>\n<meta property=\"og:url\" content=\"https:\/\/museudofutebol.org.br\/teste\/uncategorized\/praia-de-paulista-ocupa-a-praca-charles-miller\/\" \/>\n<meta property=\"og:site_name\" content=\"Museu do Futebol\" \/>\n<meta property=\"article:publisher\" content=\"https:\/\/www.facebook.com\/museudofutebol\" \/>\n<meta property=\"article:published_time\" content=\"2023-06-20T15:35:46+00:00\" \/>\n<meta property=\"article:modified_time\" content=\"2023-07-07T21:27:29+00:00\" \/>\n<meta name=\"author\" content=\"Renata Beltr\u00e3o\" \/>\n<meta name=\"twitter:card\" content=\"summary_large_image\" \/>\n<meta name=\"twitter:creator\" content=\"@museudofutebol\" \/>\n<meta name=\"twitter:site\" content=\"@museudofutebol\" \/>\n<meta name=\"twitter:label1\" content=\"Escrito por\" \/>\n\t<meta name=\"twitter:data1\" content=\"Renata Beltr\u00e3o\" \/>\n\t<meta name=\"twitter:label2\" content=\"Est. tempo de leitura\" \/>\n\t<meta name=\"twitter:data2\" content=\"4 minutos\" \/>\n<script type=\"application\/ld+json\" class=\"yoast-schema-graph\">{\"@context\":\"https:\/\/schema.org\",\"@graph\":[{\"@type\":\"WebPage\",\"@id\":\"https:\/\/museudofutebol.org.br\/teste\/uncategorized\/praia-de-paulista-ocupa-a-praca-charles-miller\/\",\"url\":\"https:\/\/museudofutebol.org.br\/teste\/uncategorized\/praia-de-paulista-ocupa-a-praca-charles-miller\/\",\"name\":\"Praia de Paulista ocupa a Pra\u00e7a Charles Miller - Museu do Futebol\",\"isPartOf\":{\"@id\":\"https:\/\/museudofutebol.org.br\/teste\/#website\"},\"datePublished\":\"2023-06-20T15:35:46+00:00\",\"dateModified\":\"2023-07-07T21:27:29+00:00\",\"author\":{\"@id\":\"https:\/\/museudofutebol.org.br\/teste\/#\/schema\/person\/c9b1bd07512d321f83b25c0780427051\"},\"breadcrumb\":{\"@id\":\"https:\/\/museudofutebol.org.br\/teste\/uncategorized\/praia-de-paulista-ocupa-a-praca-charles-miller\/#breadcrumb\"},\"inLanguage\":\"pt-BR\",\"potentialAction\":[{\"@type\":\"ReadAction\",\"target\":[\"https:\/\/museudofutebol.org.br\/teste\/uncategorized\/praia-de-paulista-ocupa-a-praca-charles-miller\/\"]}]},{\"@type\":\"BreadcrumbList\",\"@id\":\"https:\/\/museudofutebol.org.br\/teste\/uncategorized\/praia-de-paulista-ocupa-a-praca-charles-miller\/#breadcrumb\",\"itemListElement\":[{\"@type\":\"ListItem\",\"position\":1,\"name\":\"In\u00edcio\",\"item\":\"https:\/\/museudofutebol.org.br\/teste\/\"},{\"@type\":\"ListItem\",\"position\":2,\"name\":\"Praia de Paulista ocupa a Pra\u00e7a Charles Miller\"}]},{\"@type\":\"WebSite\",\"@id\":\"https:\/\/museudofutebol.org.br\/teste\/#website\",\"url\":\"https:\/\/museudofutebol.org.br\/teste\/\",\"name\":\"Museu do Futebol\",\"description\":\"\",\"potentialAction\":[{\"@type\":\"SearchAction\",\"target\":{\"@type\":\"EntryPoint\",\"urlTemplate\":\"https:\/\/museudofutebol.org.br\/teste\/?s={search_term_string}\"},\"query-input\":\"required name=search_term_string\"}],\"inLanguage\":\"pt-BR\"},{\"@type\":\"Person\",\"@id\":\"https:\/\/museudofutebol.org.br\/teste\/#\/schema\/person\/c9b1bd07512d321f83b25c0780427051\",\"name\":\"Renata Beltr\u00e3o\",\"url\":\"https:\/\/museudofutebol.org.br\/teste\/author\/renata-beltrao\/\"}]}<\/script>\n<!-- \/ Yoast SEO plugin. -->","yoast_head_json":{"title":"Praia de Paulista ocupa a Pra\u00e7a Charles Miller - Museu do Futebol","robots":{"index":"index","follow":"follow","max-snippet":"max-snippet:-1","max-image-preview":"max-image-preview:large","max-video-preview":"max-video-preview:-1"},"canonical":"https:\/\/museudofutebol.org.br\/teste\/uncategorized\/praia-de-paulista-ocupa-a-praca-charles-miller\/","og_locale":"pt_BR","og_type":"article","og_title":"Praia de Paulista ocupa a Pra\u00e7a Charles Miller - Museu do Futebol","og_description":"A partir de 1\u00ba de julho a Pra\u00e7a Charles Miller se transforma uma verdadeira Praia de Paulista, com quatro quadras de areia para pr\u00e1tica de futev\u00f4lei [\u2026]","og_url":"https:\/\/museudofutebol.org.br\/teste\/uncategorized\/praia-de-paulista-ocupa-a-praca-charles-miller\/","og_site_name":"Museu do Futebol","article_publisher":"https:\/\/www.facebook.com\/museudofutebol","article_published_time":"2023-06-20T15:35:46+00:00","article_modified_time":"2023-07-07T21:27:29+00:00","author":"Renata Beltr\u00e3o","twitter_card":"summary_large_image","twitter_creator":"@museudofutebol","twitter_site":"@museudofutebol","twitter_misc":{"Escrito por":"Renata Beltr\u00e3o","Est. tempo de leitura":"4 minutos"},"schema":{"@context":"https:\/\/schema.org","@graph":[{"@type":"WebPage","@id":"https:\/\/museudofutebol.org.br\/teste\/uncategorized\/praia-de-paulista-ocupa-a-praca-charles-miller\/","url":"https:\/\/museudofutebol.org.br\/teste\/uncategorized\/praia-de-paulista-ocupa-a-praca-charles-miller\/","name":"Praia de Paulista ocupa a Pra\u00e7a Charles Miller - Museu do Futebol","isPartOf":{"@id":"https:\/\/museudofutebol.org.br\/teste\/#website"},"datePublished":"2023-06-20T15:35:46+00:00","dateModified":"2023-07-07T21:27:29+00:00","author":{"@id":"https:\/\/museudofutebol.org.br\/teste\/#\/schema\/person\/c9b1bd07512d321f83b25c0780427051"},"breadcrumb":{"@id":"https:\/\/museudofutebol.org.br\/teste\/uncategorized\/praia-de-paulista-ocupa-a-praca-charles-miller\/#breadcrumb"},"inLanguage":"pt-BR","potentialAction":[{"@type":"ReadAction","target":["https:\/\/museudofutebol.org.br\/teste\/uncategorized\/praia-de-paulista-ocupa-a-praca-charles-miller\/"]}]},{"@type":"BreadcrumbList","@id":"https:\/\/museudofutebol.org.br\/teste\/uncategorized\/praia-de-paulista-ocupa-a-praca-charles-miller\/#breadcrumb","itemListElement":[{"@type":"ListItem","position":1,"name":"In\u00edcio","item":"https:\/\/museudofutebol.org.br\/teste\/"},{"@type":"ListItem","position":2,"name":"Praia de Paulista ocupa a Pra\u00e7a Charles Miller"}]},{"@type":"WebSite","@id":"https:\/\/museudofutebol.org.br\/teste\/#website","url":"https:\/\/museudofutebol.org.br\/teste\/","name":"Museu do Futebol","description":"","potentialAction":[{"@type":"SearchAction","target":{"@type":"EntryPoint","urlTemplate":"https:\/\/museudofutebol.org.br\/teste\/?s={search_term_string}"},"query-input":"required name=search_term_string"}],"inLanguage":"pt-BR"},{"@type":"Person","@id":"https:\/\/museudofutebol.org.br\/teste\/#\/schema\/person\/c9b1bd07512d321f83b25c0780427051","name":"Renata Beltr\u00e3o","url":"https:\/\/museudofutebol.org.br\/teste\/author\/renata-beltrao\/"}]}},"_links":{"self":[{"href":"https:\/\/museudofutebol.org.br\/teste\/wp-json\/wp\/v2\/posts\/9315"}],"collection":[{"href":"https:\/\/museudofutebol.org.br\/teste\/wp-json\/wp\/v2\/posts"}],"about":[{"href":"https:\/\/museudofutebol.org.br\/teste\/wp-json\/wp\/v2\/types\/post"}],"author":[{"embeddable":true,"href":"https:\/\/museudofutebol.org.br\/teste\/wp-json\/wp\/v2\/users\/13"}],"replies":[{"embeddable":true,"href":"https:\/\/museudofutebol.org.br\/teste\/wp-json\/wp\/v2\/comments?post=9315"}],"version-history":[{"count":4,"href":"https:\/\/museudofutebol.org.br\/teste\/wp-json\/wp\/v2\/posts\/9315\/revisions"}],"predecessor-version":[{"id":9486,"href":"https:\/\/museudofutebol.org.br\/teste\/wp-json\/wp\/v2\/posts\/9315\/revisions\/9486"}],"wp:attachment":[{"href":"https:\/\/museudofutebol.org.br\/teste\/wp-json\/wp\/v2\/media?parent=9315"}],"wp:term":[{"taxonomy":"category","embeddable":true,"href":"https:\/\/museudofutebol.org.br\/teste\/wp-json\/wp\/v2\/categories?post=9315"},{"taxonomy":"post_tag","embeddable":true,"href":"https:\/\/museudofutebol.org.br\/teste\/wp-json\/wp\/v2\/tags?post=9315"}],"curies":[{"name":"wp","href":"https:\/\/api.w.org\/{rel}","templated":true}]}}