{"id":9596,"date":"2023-07-21T15:50:23","date_gmt":"2023-07-21T18:50:23","guid":{"rendered":"https:\/\/museudofutebol.org.br\/teste\/?p=9596"},"modified":"2023-09-12T10:19:11","modified_gmt":"2023-09-12T13:19:11","slug":"em-busca-da-primeira-estrela","status":"publish","type":"post","link":"https:\/\/museudofutebol.org.br\/teste\/uncategorized\/em-busca-da-primeira-estrela\/","title":{"rendered":"Em busca da primeira estrela"},"content":{"rendered":"<p><em>*Este conte\u00fado faz parte da campanha em parceria entre Museu do Futebol e ONU Mulheres para dar visibilidade \u00e0s mulheres do futebol durante a Copa do Mundo de Futebol Feminino da Austr\u00e1lia e Nova Zel\u00e2ndia<\/em><\/p>\n<div id=\"attachment_9597\" style=\"width: 650px\" class=\"wp-caption alignnone\"><img aria-describedby=\"caption-attachment-9597\" decoding=\"async\" loading=\"lazy\" class=\"wp-image-9597 size-medium\" src=\"https:\/\/museudofutebol.org.br\/teste\/wp-content\/uploads\/2023\/07\/thumbnail_53017831970_7536be512e_k-640x426.jpg\" alt=\"Sele\u00e7\u00e3o Brasileira Feminina em forma\u00e7\u00e3o antes de um jogo amistoso. \" width=\"640\" height=\"426\" srcset=\"https:\/\/museudofutebol.org.br\/teste\/wp-content\/uploads\/2023\/07\/thumbnail_53017831970_7536be512e_k-640x426.jpg 640w, https:\/\/museudofutebol.org.br\/teste\/wp-content\/uploads\/2023\/07\/thumbnail_53017831970_7536be512e_k-1024x682.jpg 1024w, https:\/\/museudofutebol.org.br\/teste\/wp-content\/uploads\/2023\/07\/thumbnail_53017831970_7536be512e_k-768x512.jpg 768w, https:\/\/museudofutebol.org.br\/teste\/wp-content\/uploads\/2023\/07\/thumbnail_53017831970_7536be512e_k-1536x1023.jpg 1536w, https:\/\/museudofutebol.org.br\/teste\/wp-content\/uploads\/2023\/07\/thumbnail_53017831970_7536be512e_k-219x146.jpg 219w, https:\/\/museudofutebol.org.br\/teste\/wp-content\/uploads\/2023\/07\/thumbnail_53017831970_7536be512e_k-50x33.jpg 50w, https:\/\/museudofutebol.org.br\/teste\/wp-content\/uploads\/2023\/07\/thumbnail_53017831970_7536be512e_k-113x75.jpg 113w, https:\/\/museudofutebol.org.br\/teste\/wp-content\/uploads\/2023\/07\/thumbnail_53017831970_7536be512e_k.jpg 1920w\" sizes=\"(max-width:767px) 480px, 640px\" \/><p id=\"caption-attachment-9597\" class=\"wp-caption-text\">Sele\u00e7\u00e3o Feminina estreia na Copa do Mundo contra o Panam\u00e1 no dia 24 de julho, \u00e0s 8h (de Bras\u00edlia). Foto: Tha\u00eds Magalh\u00e3es\/CBF.<\/p><\/div>\n<p>Vai come\u00e7ar a maior Copa do Mundo de Futebol Feminino de todos os tempos! A bola come\u00e7ou a rolar nesta quinta (20), na Austr\u00e1lia e na Nova Zel\u00e2ndia inaugurando a nona edi\u00e7\u00e3o do Mundial organizado pela FIFA \u2013 a primeira a ter 32 sele\u00e7\u00f5es na disputa desde sua cria\u00e7\u00e3o em 1991. O Brasil vai em busca de seu primeiro t\u00edtulo sob o comando da treinadora sueca Pia Sundhage. Ser\u00e1 tamb\u00e9m a \u00faltima participa\u00e7\u00e3o de Marta nas Copas. Eleita seis vezes a melhor jogadora do mundo e atualmente Embaixadora da Boa Vontade da ONU Mulheres, a \u201cRainha\u201d do futebol anunciou que esta ser\u00e1 sua despedida dos Mundiais.<\/p>\n<p>Em entrevista \u00e0 ONU Mulheres, Marta falou sobre a prepara\u00e7\u00e3o da Sele\u00e7\u00e3o Feminina, as expectativas para disputar um Mundial pela \u00faltima vez e sobre como o futebol feminino tem se consolidado como um espa\u00e7o de protestos e reivindica\u00e7\u00f5es pela igualdade de g\u00eanero e pelos direitos das mulheres.<\/p>\n<h4>\u201c\u00c9 a Copa do Mundo da virada, veremos um n\u00edvel alt\u00edssimo de futebol em campo e com muitas lutas fora dele tamb\u00e9m, com mulheres cada vez mais cientes do seu papel na sociedade e empoderadas com suas falas\u201d, avaliou a camisa 10.<\/h4>\n<div id=\"attachment_9598\" style=\"width: 650px\" class=\"wp-caption alignnone\"><img aria-describedby=\"caption-attachment-9598\" decoding=\"async\" loading=\"lazy\" class=\"wp-image-9598 size-medium\" src=\"https:\/\/museudofutebol.org.br\/teste\/wp-content\/uploads\/2023\/07\/20230220124233_999-640x427.jpeg\" alt=\"Marta com a camisa da Sele\u00e7\u00e3o em uma partida, preparando-se para chutar a bola.\" width=\"640\" height=\"427\" srcset=\"https:\/\/museudofutebol.org.br\/teste\/wp-content\/uploads\/2023\/07\/20230220124233_999-640x427.jpeg 640w, https:\/\/museudofutebol.org.br\/teste\/wp-content\/uploads\/2023\/07\/20230220124233_999-768x512.jpeg 768w, https:\/\/museudofutebol.org.br\/teste\/wp-content\/uploads\/2023\/07\/20230220124233_999-219x146.jpeg 219w, https:\/\/museudofutebol.org.br\/teste\/wp-content\/uploads\/2023\/07\/20230220124233_999-50x33.jpeg 50w, https:\/\/museudofutebol.org.br\/teste\/wp-content\/uploads\/2023\/07\/20230220124233_999-112x75.jpeg 112w, https:\/\/museudofutebol.org.br\/teste\/wp-content\/uploads\/2023\/07\/20230220124233_999.jpeg 910w\" sizes=\"(max-width:767px) 480px, 640px\" \/><p id=\"caption-attachment-9598\" class=\"wp-caption-text\">Marta \u00e9 a maior artilheira da hist\u00f3ria das Copas, com 17 gols em cinco edi\u00e7\u00f5es. Foto: Tha\u00eds Magalh\u00e3es\/CBF<\/p><\/div>\n<p>Marta vai disputar sua sexta Copa do Mundo. A primeira foi em 2003, com apenas 17 anos, e ela balan\u00e7ou as redes em todas as edi\u00e7\u00f5es do torneio desde ent\u00e3o. Em duas d\u00e9cadas, se tornou a artilheira da Sele\u00e7\u00e3o Feminina, com 122 gols, conquistou duas medalhas ol\u00edmpicas de prata (2004 e 2008), uma de prata em Copa do Mundo (2007) e duas de ouro em Jogos Pan-Americanos (2003 e 2007). Na Austr\u00e1lia, pode ser tornar a primeira futebolista entre homens e mulheres a marcar em seis edi\u00e7\u00f5es de Copa do Mundo.<\/p>\n<h4>\u201cMe sinto mais experiente. Aos 37 anos, sei que n\u00e3o tenho mais a mesma forma f\u00edsica da minha primeira Copa do Mundo com 17 anos, mas estou aqui com muita vontade de ajudar e trazer esse t\u00edtulo. \u00c9 tamb\u00e9m uma Marta mais consciente do seu papel no time, com certeza com muita vontade de construir algo especial com esse grupo que \u00e9 t\u00e3o forte, unido e disposto a jogar de igual para a igual com todas as sele\u00e7\u00f5es. Podem ter certeza que o Brasil vai dar o melhor nessa Copa do Mundo\u201d, explicou.<\/h4>\n<blockquote><p>&nbsp;<\/p><\/blockquote>\n<div id=\"attachment_9599\" style=\"width: 650px\" class=\"wp-caption alignnone\"><img aria-describedby=\"caption-attachment-9599\" decoding=\"async\" loading=\"lazy\" class=\"wp-image-9599 size-medium\" src=\"https:\/\/museudofutebol.org.br\/teste\/wp-content\/uploads\/2023\/07\/thumbnail_53017761860_4c7a6ebee4_k-640x426.jpg\" alt=\"Rafaelle, Tamires e Debinha com a camisa azul da Sele\u00e7\u00e3o\" width=\"640\" height=\"426\" srcset=\"https:\/\/museudofutebol.org.br\/teste\/wp-content\/uploads\/2023\/07\/thumbnail_53017761860_4c7a6ebee4_k-640x426.jpg 640w, https:\/\/museudofutebol.org.br\/teste\/wp-content\/uploads\/2023\/07\/thumbnail_53017761860_4c7a6ebee4_k-1024x682.jpg 1024w, https:\/\/museudofutebol.org.br\/teste\/wp-content\/uploads\/2023\/07\/thumbnail_53017761860_4c7a6ebee4_k-768x512.jpg 768w, https:\/\/museudofutebol.org.br\/teste\/wp-content\/uploads\/2023\/07\/thumbnail_53017761860_4c7a6ebee4_k-1536x1023.jpg 1536w, https:\/\/museudofutebol.org.br\/teste\/wp-content\/uploads\/2023\/07\/thumbnail_53017761860_4c7a6ebee4_k-219x146.jpg 219w, https:\/\/museudofutebol.org.br\/teste\/wp-content\/uploads\/2023\/07\/thumbnail_53017761860_4c7a6ebee4_k-50x33.jpg 50w, https:\/\/museudofutebol.org.br\/teste\/wp-content\/uploads\/2023\/07\/thumbnail_53017761860_4c7a6ebee4_k-113x75.jpg 113w, https:\/\/museudofutebol.org.br\/teste\/wp-content\/uploads\/2023\/07\/thumbnail_53017761860_4c7a6ebee4_k.jpg 1920w\" sizes=\"(max-width:767px) 480px, 640px\" \/><p id=\"caption-attachment-9599\" class=\"wp-caption-text\">Rafaelle, Tamires e Debinha: jogadoras mais experientes da Sele\u00e7\u00e3o Feminina inspiram atletas mais jovens. Foto: Tha\u00eds Magalh\u00e3es\/CBF<\/p><\/div>\n<p>Um dos trunfos da Sele\u00e7\u00e3o Feminina nesta competi\u00e7\u00e3o \u00e9 ter um elenco forte que mescla o talento e a velocidade de jogadoras mais jovens, que v\u00e3o disputar um Mundial pela primeira vez &#8211; como Ant\u00f4nia, Ary Borges, Gabi Nunes e Kerolin -, com nomes mais experientes &#8211; como Marta e Tamires -, que passam maior confian\u00e7a para o grupo nos momentos de press\u00e3o. Tamires, que tamb\u00e9m atuou como atleta de referencia do programa Uma Vit\u00f3ria Leva \u00e0 Outra, programa implementado por ONU Mulheres em parceria com o Comit\u00ea Ol\u00edmpico Internacional e a ONG Empodera, analisou o momento da equipe:<\/p>\n<h4>\u201cEstamos com um grupo muito unido e trabalhando muito para levar o t\u00edtulo. De 2019 pra c\u00e1, a Sele\u00e7\u00e3o mudou muito, temos uma equipe com novas caras e com jogadoras tamb\u00e9m muito talentosas para assumir essa responsabilidade de defender o Brasil em uma Copa do Mundo. O futebol feminino tem crescido muito na performance e em suas lutas. Essa vai ser a Copa do Mundo da virada para a modalidade, dentro e fora de campo. Vamos ver sele\u00e7\u00f5es muito preparadas e jogando no mais alto n\u00edvel, mas fora dele veremos mulheres fortes e, que depois de muito lutarem, t\u00eam seu lugar de fala na sociedade, que hoje s\u00e3o tratadas com profissionalismo e como o alto n\u00edvel tamb\u00e9m chegou aos clubes\u201d, afirmou Tamires \u00e0 ONU Mulheres.<\/h4>\n<p>&nbsp;<\/p>\n<div id=\"attachment_9600\" style=\"width: 650px\" class=\"wp-caption alignnone\"><img aria-describedby=\"caption-attachment-9600\" decoding=\"async\" loading=\"lazy\" class=\"wp-image-9600 size-medium\" src=\"https:\/\/museudofutebol.org.br\/teste\/wp-content\/uploads\/2023\/07\/thumbnail_53048608652_a94188f5aa_c-640x427.jpg\" alt=\"Tamires e Marta com uniformes de treino comemoram um gol\" width=\"640\" height=\"427\" srcset=\"https:\/\/museudofutebol.org.br\/teste\/wp-content\/uploads\/2023\/07\/thumbnail_53048608652_a94188f5aa_c-640x427.jpg 640w, https:\/\/museudofutebol.org.br\/teste\/wp-content\/uploads\/2023\/07\/thumbnail_53048608652_a94188f5aa_c-768x512.jpg 768w, https:\/\/museudofutebol.org.br\/teste\/wp-content\/uploads\/2023\/07\/thumbnail_53048608652_a94188f5aa_c-219x146.jpg 219w, https:\/\/museudofutebol.org.br\/teste\/wp-content\/uploads\/2023\/07\/thumbnail_53048608652_a94188f5aa_c-50x33.jpg 50w, https:\/\/museudofutebol.org.br\/teste\/wp-content\/uploads\/2023\/07\/thumbnail_53048608652_a94188f5aa_c-112x75.jpg 112w, https:\/\/museudofutebol.org.br\/teste\/wp-content\/uploads\/2023\/07\/thumbnail_53048608652_a94188f5aa_c.jpg 799w\" sizes=\"(max-width:767px) 480px, 640px\" \/><p id=\"caption-attachment-9600\" class=\"wp-caption-text\">Tamires e Marta comemoram gol durante treino da Sele\u00e7\u00e3o na Austr\u00e1lia. Foto: Tha\u00eds Magalh\u00e3es\/CBF<\/p><\/div>\n<p>&nbsp;<\/p>\n<p>A melhor classifica\u00e7\u00e3o do Brasil na hist\u00f3ria da Copa do Mundo foi em 2007, quando a Sele\u00e7\u00e3o chegou \u00e0 final, mas perdeu o ouro para a Alemanha. Na ocasi\u00e3o, as atletas brasileiras subiram ao p\u00f3dio com uma faixa de protesto em que se lia \u201cBrasil, precisamos de apoio\u201d, um alerta para a falta de investimento, de estrutura e de oportunidades no futebol feminino. Foi uma das muitas manifesta\u00e7\u00f5es feitas por futebolistas em prol da igualdade de g\u00eanero e dos direitos das mulheres no esporte. Por ter sido um espa\u00e7o historicamente dominado por homens em muitos pa\u00edses, o futebol tem se consolidado como uma plataforma e um palco em que as jogadoras chamam aten\u00e7\u00e3o para esses problemas.<\/p>\n<p>Nesse sentido, a ONU Mulheres se uniu \u00e0 FIFA em uma iniciativa para tornar um dos maiores espet\u00e1culos esportivos do planeta tamb\u00e9m um palco para fortalecer os direitos humanos das mulheres.&nbsp; Na campanha global \u201cFutebol Une o Mundo\u201d, as capit\u00e3s das sele\u00e7\u00f5es que disputar\u00e3o o Mundial usar\u00e3o bra\u00e7adeiras com mensagens ligadas aos Objetivos de Desenvolvimento Sustent\u00e1vel da Agenda 2030 da ONU, como uni\u00e3o pela igualdade de g\u00eanero, pelo fim da viol\u00eancia contra meninas e mulheres, pela paz, pelos povos ind\u00edgenas, pela educa\u00e7\u00e3o, pela erradica\u00e7\u00e3o da fome, entre outros.<\/p>\n<p>A ONU Mulheres Brasil reconhece o potencial do esporte como ferramenta para empoderar meninas e mulheres e eliminar a viol\u00eancia de g\u00eanero. Em 2023, a entidade iniciou uma nova fase da parceria com o Comit\u00ea Ol\u00edmpico Internacional (COI), intitulada \u201c<a href=\"https:\/\/www.onumulheres.org.br\/noticias\/onu-mulheres-e-coi-lancam-nova-iniciativa-igualdade-de-genero-por-meio-do-esporte-na-csw67-em-nova-iorque\/\">Igualdade de G\u00eanero por meio do Esporte&#8221;<\/a>, que aproveita o legado do programa Uma Vit\u00f3ria Leva \u00e0 Outra e oferece uma plataforma de interc\u00e2mbio de boas pr\u00e1ticas para inclus\u00e3o de g\u00eanero no esporte, al\u00e9m de incentivar governos, ag\u00eancias da ONU, organiza\u00e7\u00f5es de esporte para o desenvolvimento e a paz e outros agentes do ecossistema esportivo a se comprometerem com os <a href=\"https:\/\/www.unwomen.org\/en\/news\/stories\/2020\/3\/news-sport-for-generation-equality\">princ\u00edpios do Esporte para a Gera\u00e7\u00e3o Igualdade<\/a>.<\/p>\n<p>&nbsp;<\/p>\n<div id=\"attachment_9601\" style=\"width: 650px\" class=\"wp-caption alignnone\"><img aria-describedby=\"caption-attachment-9601\" decoding=\"async\" loading=\"lazy\" class=\"wp-image-9601 size-medium\" src=\"https:\/\/museudofutebol.org.br\/teste\/wp-content\/uploads\/2023\/07\/thumbnail_53016795777_0c400625f3_c-640x427.jpg\" alt=\"Sele\u00e7\u00e3o feminina deixa o campo ap\u00f3s uma partida, vestindo os uniformes azuis. Elas acenam para o p\u00fablico.\" width=\"640\" height=\"427\" srcset=\"https:\/\/museudofutebol.org.br\/teste\/wp-content\/uploads\/2023\/07\/thumbnail_53016795777_0c400625f3_c-640x427.jpg 640w, https:\/\/museudofutebol.org.br\/teste\/wp-content\/uploads\/2023\/07\/thumbnail_53016795777_0c400625f3_c-768x512.jpg 768w, https:\/\/museudofutebol.org.br\/teste\/wp-content\/uploads\/2023\/07\/thumbnail_53016795777_0c400625f3_c-219x146.jpg 219w, https:\/\/museudofutebol.org.br\/teste\/wp-content\/uploads\/2023\/07\/thumbnail_53016795777_0c400625f3_c-50x33.jpg 50w, https:\/\/museudofutebol.org.br\/teste\/wp-content\/uploads\/2023\/07\/thumbnail_53016795777_0c400625f3_c-112x75.jpg 112w, https:\/\/museudofutebol.org.br\/teste\/wp-content\/uploads\/2023\/07\/thumbnail_53016795777_0c400625f3_c.jpg 799w\" sizes=\"(max-width:767px) 480px, 640px\" \/><p id=\"caption-attachment-9601\" class=\"wp-caption-text\">Sele\u00e7\u00e3o Feminina vai em busca de seu primeiro t\u00edtulo na Copa do Mundo. Foto: Tha\u00eds Magalh\u00e3es\/CBF<\/p><\/div>\n<h4>\u201cAs manifesta\u00e7\u00f5es s\u00e3o muito importantes, o futebol feminino \u00e9 um espa\u00e7o de luta e de fala. Quanto mais as mulheres tiverem espa\u00e7o para expor suas opini\u00f5es e defenderem suas convic\u00e7\u00f5es, a sociedade ser\u00e1 beneficiada como um todo\u201d, avalia Marta.<\/h4>\n<p>Al\u00e9m de Marta, a Copa do Mundo da Austr\u00e1lia e Nova Zel\u00e2ndia tamb\u00e9m marca a despedida de outra grande estrela: a estadunidense Megan Rapinoe, que ganhou os holofotes na \u00faltima edi\u00e7\u00e3o do Mundial em 2019 n\u00e3o apenas por seus gols, mas por usar sua voz para exigir melhores condi\u00e7\u00f5es para o futebol de mulheres, inclusive elimina\u00e7\u00e3o da desigualdade salarial, de premia\u00e7\u00f5es e de patroc\u00ednios. Maior campe\u00e3 da Copa do Mundo e da Olimp\u00edada, a sele\u00e7\u00e3o feminina de futebol dos Estados Unidos processou a Federa\u00e7\u00e3o (US Soccer), que foi obrigada pela Justi\u00e7a a pagar indeniza\u00e7\u00e3o e garantir sal\u00e1rios igualit\u00e1rios para homens e mulheres no futebol.<\/p>\n<p>A Copa do Mundo da Austr\u00e1lia e da Nova Zel\u00e2ndia ter\u00e1 um recorde de premia\u00e7\u00e3o da FIFA para o : o time campe\u00e3o receber\u00e1 US$ 15,7 milh\u00f5es, quatro vezes mais do que o valor da \u00faltima edi\u00e7\u00e3o da Copa, em 2019, que foi de US$ 4 milh\u00f5es). Tamb\u00e9m ser\u00e3o distribu\u00eddos US$ 110 milh\u00f5es em premia\u00e7\u00f5es para as sele\u00e7\u00f5es e as jogadoras receber\u00e3o pr\u00eamios individuais de at\u00e9 US$ 270 mil por sua participa\u00e7\u00e3o. Apesar de serem valores in\u00e9ditos para a modalidade, ainda \u00e9 extremamente baixo na compara\u00e7\u00e3o com o futebol masculino &#8211; campe\u00e3 da Copa em 2022, a Argentina faturou US$ 42 milh\u00f5es pelo t\u00edtulo, quase tr\u00eas vezes mais do que as mulheres receber\u00e3o.<\/p>\n<div id=\"attachment_9602\" style=\"width: 650px\" class=\"wp-caption alignnone\"><img aria-describedby=\"caption-attachment-9602\" decoding=\"async\" loading=\"lazy\" class=\"wp-image-9602 size-medium\" src=\"https:\/\/museudofutebol.org.br\/teste\/wp-content\/uploads\/2023\/07\/thumbnail_53049377754_b84605185a_c-640x427.jpg\" alt=\"A t\u00e9cnica Pia Sundhage com agasalho azul da CBF. \" width=\"640\" height=\"427\" srcset=\"https:\/\/museudofutebol.org.br\/teste\/wp-content\/uploads\/2023\/07\/thumbnail_53049377754_b84605185a_c-640x427.jpg 640w, https:\/\/museudofutebol.org.br\/teste\/wp-content\/uploads\/2023\/07\/thumbnail_53049377754_b84605185a_c-768x512.jpg 768w, https:\/\/museudofutebol.org.br\/teste\/wp-content\/uploads\/2023\/07\/thumbnail_53049377754_b84605185a_c-219x146.jpg 219w, https:\/\/museudofutebol.org.br\/teste\/wp-content\/uploads\/2023\/07\/thumbnail_53049377754_b84605185a_c-50x33.jpg 50w, https:\/\/museudofutebol.org.br\/teste\/wp-content\/uploads\/2023\/07\/thumbnail_53049377754_b84605185a_c-112x75.jpg 112w, https:\/\/museudofutebol.org.br\/teste\/wp-content\/uploads\/2023\/07\/thumbnail_53049377754_b84605185a_c.jpg 799w\" sizes=\"(max-width:767px) 480px, 640px\" \/><p id=\"caption-attachment-9602\" class=\"wp-caption-text\">T\u00e9cnica da Sele\u00e7\u00e3o Feminina, a sueca Pia Sundhage. Foto: Tha\u00eds Magalh\u00e3es\/CBF<\/p><\/div>\n<p>Al\u00e9m de Rapinoe, Marta tamb\u00e9m se manifestou pela igualdade salarial em 2019. Ap\u00f3s marcar seu primeiro gol, a atleta apontou para a chuteira, que n\u00e3o tinha patroc\u00ednio de fornecedor de material esportivo \u2013 apenas um s\u00edmbolo azul e rosa do movimento\u2013 para protestar pela diferen\u00e7a dos valores de patroc\u00ednio oferecidos para homens e para mulheres.<\/p>\n<p>Em sua sexta e \u00faltima Copa do Mundo, ela espera seguir inspirando jogadoras dentro e fora do gramado.<\/p>\n<h4>\u201cEsse trabalho de inspirar meninas e mulheres como Embaixadora da Boa Vontade da ONU Mulheres, \u00e9 um trabalho di\u00e1rio. Como jogadora da sele\u00e7\u00e3o brasileira, sei que j\u00e1 ganhei muitos t\u00edtulo individuais, mas eu jogo um esporte coletivo e isso \u00e9 uma constru\u00e7\u00e3o di\u00e1ria com as minhas companheiras e tamb\u00e9m uma troca. Eu aprendo muito com elas e elas aprendem comigo. E \u00e9 muito especial estar sempre aberta para ter essa troca. Mas, sempre que posso, passo da minha experi\u00eancia e da nossa hist\u00f3ria pra chegar at\u00e9 aqui&#8221;, arrematou a camisa 10.<\/h4>\n<p>O Brasil est\u00e1 no grupo F, ao lado de Panam\u00e1, Fran\u00e7a e Jamaica. A estreia da equipe ser\u00e1 no dia 24 de julho, contra o Panam\u00e1, \u00e0s 8h (hor\u00e1rio de Bras\u00edlia). Durante a competi\u00e7\u00e3o, a <a href=\"https:\/\/www.onumulheres.org.br\/noticias\/museu-do-futebol-e-onu-mulheres-fazem-parceria-para-cobertura-da-copa-do-mundo-feminina\/\">ONU Mulheres e o Museu do Futebol uniram for\u00e7as em uma campanha conjunta<\/a> para promover a competi\u00e7\u00e3o e dar visibilidade para as mulheres do futebol, trazendo curiosidades, hist\u00f3rias e informa\u00e7\u00f5es sobre diferentes edi\u00e7\u00f5es da Copa do Mundo e sobre as atletas.<\/p>\n<p>&nbsp;<\/p>\n<p><em>Por Olga Bagatini, especialista em comunica\u00e7\u00e3o na ONU Mulheres Brasil<\/em><\/p>\n<p>&nbsp;<\/p>\n<p>&nbsp;<\/p>\n<p>&nbsp;<\/p>\n<p>&nbsp;<\/p>\n<p>&nbsp;<\/p>\n<p>&nbsp;<\/p>\n<p>&nbsp;<\/p>\n<p>&nbsp;<\/p>\n<p>&nbsp;<\/p>\n","protected":false},"excerpt":{"rendered":"<p>*Este conte\u00fado faz parte da campanha em parceria entre Museu do Futebol e ONU Mulheres para dar visibilidade \u00e0s mulheres do futebol durante a Copa do<span class=\"excerpt-hellip\"> [\u2026]<\/span><\/p>\n","protected":false},"author":13,"featured_media":9603,"comment_status":"closed","ping_status":"closed","sticky":false,"template":"","format":"standard","meta":[],"categories":[1],"tags":[],"acf":[],"yoast_head":"<!-- This site is optimized with the Yoast SEO plugin v20.8 - https:\/\/yoast.com\/wordpress\/plugins\/seo\/ -->\n<title>Em busca da primeira estrela - Museu do Futebol<\/title>\n<meta name=\"robots\" content=\"index, follow, max-snippet:-1, max-image-preview:large, max-video-preview:-1\" \/>\n<link rel=\"canonical\" href=\"https:\/\/museudofutebol.org.br\/teste\/uncategorized\/em-busca-da-primeira-estrela\/\" \/>\n<meta property=\"og:locale\" content=\"pt_BR\" \/>\n<meta property=\"og:type\" content=\"article\" \/>\n<meta property=\"og:title\" content=\"Em busca da primeira estrela - Museu do Futebol\" \/>\n<meta property=\"og:description\" content=\"*Este conte\u00fado faz parte da campanha em parceria entre Museu do Futebol e ONU Mulheres para dar visibilidade \u00e0s mulheres do futebol durante a Copa do [\u2026]\" \/>\n<meta property=\"og:url\" content=\"https:\/\/museudofutebol.org.br\/teste\/uncategorized\/em-busca-da-primeira-estrela\/\" \/>\n<meta property=\"og:site_name\" content=\"Museu do Futebol\" \/>\n<meta property=\"article:publisher\" content=\"https:\/\/www.facebook.com\/museudofutebol\" \/>\n<meta property=\"article:published_time\" content=\"2023-07-21T18:50:23+00:00\" \/>\n<meta property=\"article:modified_time\" content=\"2023-09-12T13:19:11+00:00\" \/>\n<meta property=\"og:image\" content=\"https:\/\/museudofutebol.org.br\/teste\/wp-content\/uploads\/2023\/07\/thumbnail_53017765985_ae22d8780a_c.jpg\" \/>\n\t<meta property=\"og:image:width\" content=\"799\" \/>\n\t<meta property=\"og:image:height\" content=\"533\" \/>\n\t<meta property=\"og:image:type\" content=\"image\/jpeg\" \/>\n<meta name=\"author\" content=\"Renata Beltr\u00e3o\" \/>\n<meta name=\"twitter:card\" content=\"summary_large_image\" \/>\n<meta name=\"twitter:creator\" content=\"@museudofutebol\" \/>\n<meta name=\"twitter:site\" content=\"@museudofutebol\" \/>\n<meta name=\"twitter:label1\" content=\"Escrito por\" \/>\n\t<meta name=\"twitter:data1\" content=\"Renata Beltr\u00e3o\" \/>\n\t<meta name=\"twitter:label2\" content=\"Est. tempo de leitura\" \/>\n\t<meta name=\"twitter:data2\" content=\"10 minutos\" \/>\n<script type=\"application\/ld+json\" class=\"yoast-schema-graph\">{\"@context\":\"https:\/\/schema.org\",\"@graph\":[{\"@type\":\"WebPage\",\"@id\":\"https:\/\/museudofutebol.org.br\/teste\/uncategorized\/em-busca-da-primeira-estrela\/\",\"url\":\"https:\/\/museudofutebol.org.br\/teste\/uncategorized\/em-busca-da-primeira-estrela\/\",\"name\":\"Em busca da primeira estrela - Museu do Futebol\",\"isPartOf\":{\"@id\":\"https:\/\/museudofutebol.org.br\/teste\/#website\"},\"datePublished\":\"2023-07-21T18:50:23+00:00\",\"dateModified\":\"2023-09-12T13:19:11+00:00\",\"author\":{\"@id\":\"https:\/\/museudofutebol.org.br\/teste\/#\/schema\/person\/c9b1bd07512d321f83b25c0780427051\"},\"breadcrumb\":{\"@id\":\"https:\/\/museudofutebol.org.br\/teste\/uncategorized\/em-busca-da-primeira-estrela\/#breadcrumb\"},\"inLanguage\":\"pt-BR\",\"potentialAction\":[{\"@type\":\"ReadAction\",\"target\":[\"https:\/\/museudofutebol.org.br\/teste\/uncategorized\/em-busca-da-primeira-estrela\/\"]}]},{\"@type\":\"BreadcrumbList\",\"@id\":\"https:\/\/museudofutebol.org.br\/teste\/uncategorized\/em-busca-da-primeira-estrela\/#breadcrumb\",\"itemListElement\":[{\"@type\":\"ListItem\",\"position\":1,\"name\":\"In\u00edcio\",\"item\":\"https:\/\/museudofutebol.org.br\/teste\/\"},{\"@type\":\"ListItem\",\"position\":2,\"name\":\"Em busca da primeira estrela\"}]},{\"@type\":\"WebSite\",\"@id\":\"https:\/\/museudofutebol.org.br\/teste\/#website\",\"url\":\"https:\/\/museudofutebol.org.br\/teste\/\",\"name\":\"Museu do Futebol\",\"description\":\"\",\"potentialAction\":[{\"@type\":\"SearchAction\",\"target\":{\"@type\":\"EntryPoint\",\"urlTemplate\":\"https:\/\/museudofutebol.org.br\/teste\/?s={search_term_string}\"},\"query-input\":\"required name=search_term_string\"}],\"inLanguage\":\"pt-BR\"},{\"@type\":\"Person\",\"@id\":\"https:\/\/museudofutebol.org.br\/teste\/#\/schema\/person\/c9b1bd07512d321f83b25c0780427051\",\"name\":\"Renata Beltr\u00e3o\",\"url\":\"https:\/\/museudofutebol.org.br\/teste\/author\/renata-beltrao\/\"}]}<\/script>\n<!-- \/ Yoast SEO plugin. -->","yoast_head_json":{"title":"Em busca da primeira estrela - Museu do Futebol","robots":{"index":"index","follow":"follow","max-snippet":"max-snippet:-1","max-image-preview":"max-image-preview:large","max-video-preview":"max-video-preview:-1"},"canonical":"https:\/\/museudofutebol.org.br\/teste\/uncategorized\/em-busca-da-primeira-estrela\/","og_locale":"pt_BR","og_type":"article","og_title":"Em busca da primeira estrela - Museu do Futebol","og_description":"*Este conte\u00fado faz parte da campanha em parceria entre Museu do Futebol e ONU Mulheres para dar visibilidade \u00e0s mulheres do futebol durante a Copa do [\u2026]","og_url":"https:\/\/museudofutebol.org.br\/teste\/uncategorized\/em-busca-da-primeira-estrela\/","og_site_name":"Museu do Futebol","article_publisher":"https:\/\/www.facebook.com\/museudofutebol","article_published_time":"2023-07-21T18:50:23+00:00","article_modified_time":"2023-09-12T13:19:11+00:00","og_image":[{"width":799,"height":533,"url":"https:\/\/museudofutebol.org.br\/teste\/wp-content\/uploads\/2023\/07\/thumbnail_53017765985_ae22d8780a_c.jpg","type":"image\/jpeg"}],"author":"Renata Beltr\u00e3o","twitter_card":"summary_large_image","twitter_creator":"@museudofutebol","twitter_site":"@museudofutebol","twitter_misc":{"Escrito por":"Renata Beltr\u00e3o","Est. tempo de leitura":"10 minutos"},"schema":{"@context":"https:\/\/schema.org","@graph":[{"@type":"WebPage","@id":"https:\/\/museudofutebol.org.br\/teste\/uncategorized\/em-busca-da-primeira-estrela\/","url":"https:\/\/museudofutebol.org.br\/teste\/uncategorized\/em-busca-da-primeira-estrela\/","name":"Em busca da primeira estrela - Museu do Futebol","isPartOf":{"@id":"https:\/\/museudofutebol.org.br\/teste\/#website"},"datePublished":"2023-07-21T18:50:23+00:00","dateModified":"2023-09-12T13:19:11+00:00","author":{"@id":"https:\/\/museudofutebol.org.br\/teste\/#\/schema\/person\/c9b1bd07512d321f83b25c0780427051"},"breadcrumb":{"@id":"https:\/\/museudofutebol.org.br\/teste\/uncategorized\/em-busca-da-primeira-estrela\/#breadcrumb"},"inLanguage":"pt-BR","potentialAction":[{"@type":"ReadAction","target":["https:\/\/museudofutebol.org.br\/teste\/uncategorized\/em-busca-da-primeira-estrela\/"]}]},{"@type":"BreadcrumbList","@id":"https:\/\/museudofutebol.org.br\/teste\/uncategorized\/em-busca-da-primeira-estrela\/#breadcrumb","itemListElement":[{"@type":"ListItem","position":1,"name":"In\u00edcio","item":"https:\/\/museudofutebol.org.br\/teste\/"},{"@type":"ListItem","position":2,"name":"Em busca da primeira estrela"}]},{"@type":"WebSite","@id":"https:\/\/museudofutebol.org.br\/teste\/#website","url":"https:\/\/museudofutebol.org.br\/teste\/","name":"Museu do Futebol","description":"","potentialAction":[{"@type":"SearchAction","target":{"@type":"EntryPoint","urlTemplate":"https:\/\/museudofutebol.org.br\/teste\/?s={search_term_string}"},"query-input":"required name=search_term_string"}],"inLanguage":"pt-BR"},{"@type":"Person","@id":"https:\/\/museudofutebol.org.br\/teste\/#\/schema\/person\/c9b1bd07512d321f83b25c0780427051","name":"Renata Beltr\u00e3o","url":"https:\/\/museudofutebol.org.br\/teste\/author\/renata-beltrao\/"}]}},"_links":{"self":[{"href":"https:\/\/museudofutebol.org.br\/teste\/wp-json\/wp\/v2\/posts\/9596"}],"collection":[{"href":"https:\/\/museudofutebol.org.br\/teste\/wp-json\/wp\/v2\/posts"}],"about":[{"href":"https:\/\/museudofutebol.org.br\/teste\/wp-json\/wp\/v2\/types\/post"}],"author":[{"embeddable":true,"href":"https:\/\/museudofutebol.org.br\/teste\/wp-json\/wp\/v2\/users\/13"}],"replies":[{"embeddable":true,"href":"https:\/\/museudofutebol.org.br\/teste\/wp-json\/wp\/v2\/comments?post=9596"}],"version-history":[{"count":4,"href":"https:\/\/museudofutebol.org.br\/teste\/wp-json\/wp\/v2\/posts\/9596\/revisions"}],"predecessor-version":[{"id":9942,"href":"https:\/\/museudofutebol.org.br\/teste\/wp-json\/wp\/v2\/posts\/9596\/revisions\/9942"}],"wp:featuredmedia":[{"embeddable":true,"href":"https:\/\/museudofutebol.org.br\/teste\/wp-json\/wp\/v2\/media\/9603"}],"wp:attachment":[{"href":"https:\/\/museudofutebol.org.br\/teste\/wp-json\/wp\/v2\/media?parent=9596"}],"wp:term":[{"taxonomy":"category","embeddable":true,"href":"https:\/\/museudofutebol.org.br\/teste\/wp-json\/wp\/v2\/categories?post=9596"},{"taxonomy":"post_tag","embeddable":true,"href":"https:\/\/museudofutebol.org.br\/teste\/wp-json\/wp\/v2\/tags?post=9596"}],"curies":[{"name":"wp","href":"https:\/\/api.w.org\/{rel}","templated":true}]}}