{"id":9753,"date":"2023-08-14T17:50:37","date_gmt":"2023-08-14T20:50:37","guid":{"rendered":"https:\/\/museudofutebol.org.br\/teste\/?p=9753"},"modified":"2023-08-15T09:57:22","modified_gmt":"2023-08-15T12:57:22","slug":"comite-jovem-2023","status":"publish","type":"post","link":"https:\/\/museudofutebol.org.br\/teste\/uncategorized\/comite-jovem-2023\/","title":{"rendered":"Comit\u00ea Jovem 2023"},"content":{"rendered":"<p>Que tal ajudar o Museu do Futebol a se aproximar do p\u00fablico jovem?<\/p>\n<p>Estamos com um edital aberto para selecionar quatro estudantes do Ensino M\u00e9dio para fazer parte do Comit\u00ea Jovem 2023. O grupo ir\u00e1 se reunir no dia 16 de setembro, na sede do Museu, para ajudar a identificar formas de fazer com que a institui\u00e7\u00e3o seja mais atraente para adolescentes e jovens adultos. As pessoas selecionadas receber\u00e3o uma bolsa-aux\u00edlio \u00fanica no valor de R$ 250,00.<\/p>\n<p><strong>Quem pode participar?<\/strong><\/p>\n<p>\u2022 A pessoa interessada deve ter 16 ou 17 anos at\u00e9 a data da inscri\u00e7\u00e3o.<br \/>\n\u2022 Estar matriculada regularmente no Ensino M\u00e9dio nas redes p\u00fablica ou privada.<br \/>\n\u2022 Morar na cidade de S\u00e3o Paulo.<br \/>\n\u2022 Ter afinidade com temas como o futebol, arte, cultura, hist\u00f3ria, comunica\u00e7\u00e3o, entre outros.<\/p>\n<p>Os escolhidos devem ter disponibilidade para participar da reuni\u00e3o no dia 16 de setembro de 2023, das 10h \u00e0s 17h, no Museu do Futebol.<\/p>\n<p>As pessoas selecionadas ter\u00e3o direito a um t\u00e1xi ida e volta e o almo\u00e7o custeados pelo museu.<\/p>\n<p>&nbsp;<\/p>\n<p><strong>Inscri\u00e7\u00f5es e resultados<\/strong><\/p>\n<p>1) Preencha o formul\u00e1rio eletr\u00f4nico at\u00e9 20\/08: todas as informa\u00e7\u00f5es est\u00e3o dispon\u00edveis <a href=\"https:\/\/www.idbr.org.br\/edital-de-selecao-para-o-comite-jovem-2023\/\">aqui<\/a>.<\/p>\n<p>2) Escreva uma reda\u00e7\u00e3o argumentativa de at\u00e9 1 p\u00e1gina sobre a rela\u00e7\u00e3o dos jovens com museus. O texto deve ser escrito \u00e0 m\u00e3o, fotografado ou digitalizado e anexado no formul\u00e1rio de inscri\u00e7\u00e3o. Em caso de d\u00favidas, o Edital do Comit\u00ea Jovem apresenta todo o detalhamento do que deve constar na reda\u00e7\u00e3o, al\u00e9m dos documentos necess\u00e1rios. <a href=\"https:\/\/www.idbr.org.br\/edital-de-selecao-para-o-comite-jovem-2023\/\">Acesse aqui<\/a>.<\/p>\n<p>Pronto! Agora \u00e9 s\u00f3 aguardar.<\/p>\n<p>As pessoas selecionadas ser\u00e3o divulgadas no dia 08 de setembro aqui no site do Museu do Futebol.<\/p>\n<p>&nbsp;<\/p>\n","protected":false},"excerpt":{"rendered":"<p>Que tal ajudar o Museu do Futebol a se aproximar do p\u00fablico jovem? Estamos com um edital aberto para selecionar quatro estudantes do Ensino M\u00e9dio para<span class=\"excerpt-hellip\"> [\u2026]<\/span><\/p>\n","protected":false},"author":13,"featured_media":9754,"comment_status":"closed","ping_status":"closed","sticky":false,"template":"","format":"standard","meta":[],"categories":[1],"tags":[],"acf":[],"yoast_head":"<!-- This site is optimized with the Yoast SEO plugin v20.8 - https:\/\/yoast.com\/wordpress\/plugins\/seo\/ -->\n<title>Comit\u00ea Jovem 2023 - Museu do Futebol<\/title>\n<meta name=\"robots\" content=\"index, follow, max-snippet:-1, max-image-preview:large, max-video-preview:-1\" \/>\n<link rel=\"canonical\" href=\"https:\/\/museudofutebol.org.br\/teste\/uncategorized\/comite-jovem-2023\/\" \/>\n<meta property=\"og:locale\" content=\"pt_BR\" \/>\n<meta property=\"og:type\" content=\"article\" \/>\n<meta property=\"og:title\" content=\"Comit\u00ea Jovem 2023 - Museu do Futebol\" \/>\n<meta property=\"og:description\" content=\"Que tal ajudar o Museu do Futebol a se aproximar do p\u00fablico jovem? Estamos com um edital aberto para selecionar quatro estudantes do Ensino M\u00e9dio para [\u2026]\" \/>\n<meta property=\"og:url\" content=\"https:\/\/museudofutebol.org.br\/teste\/uncategorized\/comite-jovem-2023\/\" \/>\n<meta property=\"og:site_name\" content=\"Museu do Futebol\" \/>\n<meta property=\"article:publisher\" content=\"https:\/\/www.facebook.com\/museudofutebol\" \/>\n<meta property=\"article:published_time\" content=\"2023-08-14T20:50:37+00:00\" \/>\n<meta property=\"article:modified_time\" content=\"2023-08-15T12:57:22+00:00\" \/>\n<meta property=\"og:image\" content=\"https:\/\/museudofutebol.org.br\/teste\/wp-content\/uploads\/2023\/08\/MF_ComiteJovem2023_Divulgacao_2.png\" \/>\n\t<meta property=\"og:image:width\" content=\"1920\" \/>\n\t<meta property=\"og:image:height\" content=\"1081\" \/>\n\t<meta property=\"og:image:type\" content=\"image\/png\" \/>\n<meta name=\"author\" content=\"Renata Beltr\u00e3o\" \/>\n<meta name=\"twitter:card\" content=\"summary_large_image\" \/>\n<meta name=\"twitter:creator\" content=\"@museudofutebol\" \/>\n<meta name=\"twitter:site\" content=\"@museudofutebol\" \/>\n<meta name=\"twitter:label1\" content=\"Escrito por\" \/>\n\t<meta name=\"twitter:data1\" content=\"Renata Beltr\u00e3o\" \/>\n\t<meta name=\"twitter:label2\" content=\"Est. tempo de leitura\" \/>\n\t<meta name=\"twitter:data2\" content=\"2 minutos\" \/>\n<script type=\"application\/ld+json\" class=\"yoast-schema-graph\">{\"@context\":\"https:\/\/schema.org\",\"@graph\":[{\"@type\":\"WebPage\",\"@id\":\"https:\/\/museudofutebol.org.br\/teste\/uncategorized\/comite-jovem-2023\/\",\"url\":\"https:\/\/museudofutebol.org.br\/teste\/uncategorized\/comite-jovem-2023\/\",\"name\":\"Comit\u00ea Jovem 2023 - Museu do Futebol\",\"isPartOf\":{\"@id\":\"https:\/\/museudofutebol.org.br\/teste\/#website\"},\"datePublished\":\"2023-08-14T20:50:37+00:00\",\"dateModified\":\"2023-08-15T12:57:22+00:00\",\"author\":{\"@id\":\"https:\/\/museudofutebol.org.br\/teste\/#\/schema\/person\/c9b1bd07512d321f83b25c0780427051\"},\"breadcrumb\":{\"@id\":\"https:\/\/museudofutebol.org.br\/teste\/uncategorized\/comite-jovem-2023\/#breadcrumb\"},\"inLanguage\":\"pt-BR\",\"potentialAction\":[{\"@type\":\"ReadAction\",\"target\":[\"https:\/\/museudofutebol.org.br\/teste\/uncategorized\/comite-jovem-2023\/\"]}]},{\"@type\":\"BreadcrumbList\",\"@id\":\"https:\/\/museudofutebol.org.br\/teste\/uncategorized\/comite-jovem-2023\/#breadcrumb\",\"itemListElement\":[{\"@type\":\"ListItem\",\"position\":1,\"name\":\"In\u00edcio\",\"item\":\"https:\/\/museudofutebol.org.br\/teste\/\"},{\"@type\":\"ListItem\",\"position\":2,\"name\":\"Comit\u00ea Jovem 2023\"}]},{\"@type\":\"WebSite\",\"@id\":\"https:\/\/museudofutebol.org.br\/teste\/#website\",\"url\":\"https:\/\/museudofutebol.org.br\/teste\/\",\"name\":\"Museu do Futebol\",\"description\":\"\",\"potentialAction\":[{\"@type\":\"SearchAction\",\"target\":{\"@type\":\"EntryPoint\",\"urlTemplate\":\"https:\/\/museudofutebol.org.br\/teste\/?s={search_term_string}\"},\"query-input\":\"required name=search_term_string\"}],\"inLanguage\":\"pt-BR\"},{\"@type\":\"Person\",\"@id\":\"https:\/\/museudofutebol.org.br\/teste\/#\/schema\/person\/c9b1bd07512d321f83b25c0780427051\",\"name\":\"Renata Beltr\u00e3o\",\"url\":\"https:\/\/museudofutebol.org.br\/teste\/author\/renata-beltrao\/\"}]}<\/script>\n<!-- \/ Yoast SEO plugin. -->","yoast_head_json":{"title":"Comit\u00ea Jovem 2023 - Museu do Futebol","robots":{"index":"index","follow":"follow","max-snippet":"max-snippet:-1","max-image-preview":"max-image-preview:large","max-video-preview":"max-video-preview:-1"},"canonical":"https:\/\/museudofutebol.org.br\/teste\/uncategorized\/comite-jovem-2023\/","og_locale":"pt_BR","og_type":"article","og_title":"Comit\u00ea Jovem 2023 - Museu do Futebol","og_description":"Que tal ajudar o Museu do Futebol a se aproximar do p\u00fablico jovem? Estamos com um edital aberto para selecionar quatro estudantes do Ensino M\u00e9dio para [\u2026]","og_url":"https:\/\/museudofutebol.org.br\/teste\/uncategorized\/comite-jovem-2023\/","og_site_name":"Museu do Futebol","article_publisher":"https:\/\/www.facebook.com\/museudofutebol","article_published_time":"2023-08-14T20:50:37+00:00","article_modified_time":"2023-08-15T12:57:22+00:00","og_image":[{"width":1920,"height":1081,"url":"https:\/\/museudofutebol.org.br\/teste\/wp-content\/uploads\/2023\/08\/MF_ComiteJovem2023_Divulgacao_2.png","type":"image\/png"}],"author":"Renata Beltr\u00e3o","twitter_card":"summary_large_image","twitter_creator":"@museudofutebol","twitter_site":"@museudofutebol","twitter_misc":{"Escrito por":"Renata Beltr\u00e3o","Est. tempo de leitura":"2 minutos"},"schema":{"@context":"https:\/\/schema.org","@graph":[{"@type":"WebPage","@id":"https:\/\/museudofutebol.org.br\/teste\/uncategorized\/comite-jovem-2023\/","url":"https:\/\/museudofutebol.org.br\/teste\/uncategorized\/comite-jovem-2023\/","name":"Comit\u00ea Jovem 2023 - Museu do Futebol","isPartOf":{"@id":"https:\/\/museudofutebol.org.br\/teste\/#website"},"datePublished":"2023-08-14T20:50:37+00:00","dateModified":"2023-08-15T12:57:22+00:00","author":{"@id":"https:\/\/museudofutebol.org.br\/teste\/#\/schema\/person\/c9b1bd07512d321f83b25c0780427051"},"breadcrumb":{"@id":"https:\/\/museudofutebol.org.br\/teste\/uncategorized\/comite-jovem-2023\/#breadcrumb"},"inLanguage":"pt-BR","potentialAction":[{"@type":"ReadAction","target":["https:\/\/museudofutebol.org.br\/teste\/uncategorized\/comite-jovem-2023\/"]}]},{"@type":"BreadcrumbList","@id":"https:\/\/museudofutebol.org.br\/teste\/uncategorized\/comite-jovem-2023\/#breadcrumb","itemListElement":[{"@type":"ListItem","position":1,"name":"In\u00edcio","item":"https:\/\/museudofutebol.org.br\/teste\/"},{"@type":"ListItem","position":2,"name":"Comit\u00ea Jovem 2023"}]},{"@type":"WebSite","@id":"https:\/\/museudofutebol.org.br\/teste\/#website","url":"https:\/\/museudofutebol.org.br\/teste\/","name":"Museu do Futebol","description":"","potentialAction":[{"@type":"SearchAction","target":{"@type":"EntryPoint","urlTemplate":"https:\/\/museudofutebol.org.br\/teste\/?s={search_term_string}"},"query-input":"required name=search_term_string"}],"inLanguage":"pt-BR"},{"@type":"Person","@id":"https:\/\/museudofutebol.org.br\/teste\/#\/schema\/person\/c9b1bd07512d321f83b25c0780427051","name":"Renata Beltr\u00e3o","url":"https:\/\/museudofutebol.org.br\/teste\/author\/renata-beltrao\/"}]}},"_links":{"self":[{"href":"https:\/\/museudofutebol.org.br\/teste\/wp-json\/wp\/v2\/posts\/9753"}],"collection":[{"href":"https:\/\/museudofutebol.org.br\/teste\/wp-json\/wp\/v2\/posts"}],"about":[{"href":"https:\/\/museudofutebol.org.br\/teste\/wp-json\/wp\/v2\/types\/post"}],"author":[{"embeddable":true,"href":"https:\/\/museudofutebol.org.br\/teste\/wp-json\/wp\/v2\/users\/13"}],"replies":[{"embeddable":true,"href":"https:\/\/museudofutebol.org.br\/teste\/wp-json\/wp\/v2\/comments?post=9753"}],"version-history":[{"count":3,"href":"https:\/\/museudofutebol.org.br\/teste\/wp-json\/wp\/v2\/posts\/9753\/revisions"}],"predecessor-version":[{"id":9763,"href":"https:\/\/museudofutebol.org.br\/teste\/wp-json\/wp\/v2\/posts\/9753\/revisions\/9763"}],"wp:featuredmedia":[{"embeddable":true,"href":"https:\/\/museudofutebol.org.br\/teste\/wp-json\/wp\/v2\/media\/9754"}],"wp:attachment":[{"href":"https:\/\/museudofutebol.org.br\/teste\/wp-json\/wp\/v2\/media?parent=9753"}],"wp:term":[{"taxonomy":"category","embeddable":true,"href":"https:\/\/museudofutebol.org.br\/teste\/wp-json\/wp\/v2\/categories?post=9753"},{"taxonomy":"post_tag","embeddable":true,"href":"https:\/\/museudofutebol.org.br\/teste\/wp-json\/wp\/v2\/tags?post=9753"}],"curies":[{"name":"wp","href":"https:\/\/api.w.org\/{rel}","templated":true}]}}